{"id":838,"date":"2024-04-16T17:31:35","date_gmt":"2024-04-16T15:31:35","guid":{"rendered":"https:\/\/lebenshilfe-stmk.at\/?p=838"},"modified":"2024-08-28T10:12:01","modified_gmt":"2024-08-28T08:12:01","slug":"was-fuer-ein-theater","status":"publish","type":"post","link":"https:\/\/lebenshilfe-stmk.at\/ll\/was-fuer-ein-theater\/","title":{"rendered":"Lebenshilfe Murau: Was f\u00fcr ein Theater!"},"content":{"rendered":"\t\t<div data-elementor-type=\"wp-post\" data-elementor-id=\"838\" class=\"elementor elementor-838\" data-elementor-post-type=\"post\">\n\t\t\t\t<div class=\"elementor-element elementor-element-b0c70d7 e-flex e-con-boxed e-con e-parent\" data-id=\"b0c70d7\" data-element_type=\"container\">\n\t\t\t\t\t<div class=\"e-con-inner\">\n\t\t<div class=\"elementor-element elementor-element-d73aa01 e-con-full e-flex e-con e-child\" data-id=\"d73aa01\" data-element_type=\"container\" data-settings=\"{&quot;background_background&quot;:&quot;classic&quot;}\">\n\t\t\t\t<div class=\"elementor-element elementor-element-83ac03c elementor-absolute elementor-hidden-mobile elementor-widget elementor-widget-image\" data-id=\"83ac03c\" data-element_type=\"widget\" data-settings=\"{&quot;_position&quot;:&quot;absolute&quot;}\" data-widget_type=\"image.default\">\n\t\t\t\t<div class=\"elementor-widget-container\">\n\t\t\t\t\t\t\t\t\t\t\t\t\t\t\t<img fetchpriority=\"high\" decoding=\"async\" width=\"788\" height=\"1024\" src=\"https:\/\/lebenshilfe-stmk.at\/wp-content\/uploads\/2024\/03\/arrow_d_orange.svg\" class=\"attachment-large size-large wp-image-88\" alt=\"\" \/>\t\t\t\t\t\t\t\t\t\t\t\t\t\t\t<\/div>\n\t\t\t\t<\/div>\n\t\t\t\t<\/div>\n\t\t\t\t\t<\/div>\n\t\t\t\t<\/div>\n\t\t<div class=\"elementor-element elementor-element-4606ae5 e-flex e-con-boxed e-con e-parent\" data-id=\"4606ae5\" data-element_type=\"container\">\n\t\t\t\t\t<div class=\"e-con-inner\">\n\t\t\t\t<div class=\"elementor-element elementor-element-c15afad elementor-widget elementor-widget-heading\" data-id=\"c15afad\" data-element_type=\"widget\" data-widget_type=\"heading.default\">\n\t\t\t\t<div class=\"elementor-widget-container\">\n\t\t\t\t\t<h1 class=\"elementor-heading-title elementor-size-default\">Was f\u00fcr ein Theater!<\/h1>\t\t\t\t<\/div>\n\t\t\t\t<\/div>\n\t\t\t\t<div class=\"elementor-element elementor-element-2397d54 elementor-widget elementor-widget-text-editor\" data-id=\"2397d54\" data-element_type=\"widget\" data-widget_type=\"text-editor.default\">\n\t\t\t\t<div class=\"elementor-widget-container\">\n\t\t\t\t\t\t\t\t\t<p>Gemeinsam mit dem Kunstverein Griessner Stadl hat die Lebenshilfe Murau ein Projekt ins Leben gerufen, das sich wirklich sehen lassen kann: Die inklusive Theaterabteilung stellt die Welt auf den Kopf \u2013 und feiert auch international Erfolge.<\/p>\t\t\t\t\t\t\t\t<\/div>\n\t\t\t\t<\/div>\n\t\t\t\t<div class=\"elementor-element elementor-element-1288e1a elementor-widget elementor-widget-text-editor\" data-id=\"1288e1a\" data-element_type=\"widget\" data-widget_type=\"text-editor.default\">\n\t\t\t\t<div class=\"elementor-widget-container\">\n\t\t\t\t\t\t\t\t\t<p>Angefangen hat alles mit einem Aufruf des Bundesministeriums f\u00fcr Kunst, Kultur, \u00f6ffentlichen Dienst und Sport: Gesucht wurden innovative Konzepte, wie man in kunstfremden Bereichen k\u00fcnstlerisch arbeiten kann. Die Lebenshilfe Murau und der Kunstverein Griessner Stadl reichten ein und wurden aus rund 800 Einreichungen ausgew\u00e4hlt, wie Ferdinand Nagele vom Griessner Stadl erkl\u00e4rt: \u201eWir haben die F\u00f6rderung f\u00fcr das Projekt \u201aDie Welt auf den Kopf stellen: Behindert sind wir alle\u2018 bekommen.\u201c<\/p><p>\u00a0<\/p><p><strong>Zusammenarbeit auf Augenh\u00f6he<\/strong><\/p><p>Die Idee: Menschen mit Behinderungen und Theaterschauspieler*innen arbeiten gemeinsam. Ferdinand Nagele: \u201eEs geht nicht darum, dass Menschen mit Behinderung ein bisserl Theater spielen. Es geht darum, dass sich K\u00fcnstlerInnen und Menschen mit Behinderung auf Augenh\u00f6he begegnen und voneinander lernen.\u201c Denn Menschen mit Behinderung, so betont Nagele, k\u00f6nnen nicht nur, was man ihnen zutraut: \u201eSondern genau alles, was wir auch k\u00f6nnen.\u201c<\/p><p>\u00a0<\/p><p><strong>Drama, Baby!<\/strong><\/p><p>Dass dieses Konzept funktioniert, hat die Theatergruppe der Lebenshilfe Murau bereits eindrucksvoll mit der Auff\u00fchrung \u201eKontaktkiller\u201c im Griessner Stadl bewiesen. Die Produktion wurde gemeinsam mit dem renommierten Theater Hora, ein inklusives Theater aus Z\u00fcrich, auf die B\u00fchne gebracht. Die Handlung des St\u00fccks: Weil es einem vereinsamten Mann nicht gelingt, Selbstmord zu begehen, setzt er einen Auftragskiller auf sich selbst an. Doch ausgerechnet dann passiert es: Er verliebt sich \u2013 und Drama ist vorprogrammiert. Auch Sandra Walla-Trippl, Generalsekret\u00e4rin der Lebenshilfe Steiermark, war von der Auff\u00fchrung begeistert: \u201eVor allem durch die SchauspielerInnen wurde das eigentlich schwere Thema echt unterhaltsam dargestellt!\u201c<\/p><p>\u00a0<\/p><p><strong>Auf der Biennale<\/strong><\/p><p>Die Zusammenarbeit zwischen Lebenshilfe Murau und Griessner Stadl feiert aber nicht nur hierzulande Erfolge, sondern erregt bereits international Aufsehen: Die Theatergruppe wurde beispielsweise auf die Biennale nach Venedig eingeladen. Dort sind die Teilnehmenden nicht als \u201eSchauspielerInnen mit Behinderung\u201c aufgetreten, sondern als ExpertInnen und haben selbst Workshops f\u00fcr andere abgehalten.<\/p><p>\u00a0<\/p><p><strong>N\u00e4chster Halt: T\u00fcrkei<\/strong><\/p><p>Und damit h\u00f6rt die Erfolgsgeschichte nicht auf: Nach der Biennale folgte die Einladung in die T\u00fcrkei zu \u201eInSEA \u2013 The International Society for Education Through Art\u201c im September, dem weltgr\u00f6\u00dften Kongress f\u00fcr Kunstvermittlung. \u201eDa wurden Projekte aus der ganzen Welt eingereicht und die besten ausgesucht \u2013 darunter sind auch wir\u201c, erz\u00e4hlt Ferdinand Nagele, \u201eAber ich habe von Anfang an gesagt: Ich fahre nicht hin und erz\u00e4hle \u00fcber unsere Arbeit. Wir erz\u00e4hlen gemeinsam.\u201c Das Ensemble der Lebenshilfe Murau steht beim Kongress also neben den anderen Teilnehmenden am Podium \u2013 und erz\u00e4hlt, wie sie die Welt auf den Kopf stellen.<\/p><p>\u00a0<\/p><p>Fotocredit: Philipp Rirsch<\/p>\t\t\t\t\t\t\t\t<\/div>\n\t\t\t\t<\/div>\n\t\t\t\t\t<\/div>\n\t\t\t\t<\/div>\n\t\t<div class=\"elementor-element elementor-element-dbabdd5 e-flex e-con-boxed e-con e-parent\" data-id=\"dbabdd5\" data-element_type=\"container\">\n\t\t\t\t\t<div class=\"e-con-inner\">\n\t\t\t\t<div class=\"elementor-element elementor-element-2fc6a77 elementor-widget elementor-widget-gallery\" data-id=\"2fc6a77\" data-element_type=\"widget\" data-settings=\"{&quot;columns&quot;:2,&quot;lazyload&quot;:&quot;yes&quot;,&quot;gallery_layout&quot;:&quot;grid&quot;,&quot;columns_tablet&quot;:2,&quot;columns_mobile&quot;:1,&quot;gap&quot;:{&quot;unit&quot;:&quot;px&quot;,&quot;size&quot;:10,&quot;sizes&quot;:[]},&quot;gap_tablet&quot;:{&quot;unit&quot;:&quot;px&quot;,&quot;size&quot;:10,&quot;sizes&quot;:[]},&quot;gap_mobile&quot;:{&quot;unit&quot;:&quot;px&quot;,&quot;size&quot;:10,&quot;sizes&quot;:[]},&quot;aspect_ratio&quot;:&quot;3:2&quot;,&quot;content_hover_animation&quot;:&quot;fade-in&quot;}\" data-widget_type=\"gallery.default\">\n\t\t\t\t<div class=\"elementor-widget-container\">\n\t\t\t\t\t\t\t<div class=\"elementor-gallery__container\">\n\t\t\t\t\t\t\t<div class=\"e-gallery-item elementor-gallery-item elementor-animated-content\">\n\t\t\t\t\t<div class=\"e-gallery-image elementor-gallery-item__image\" data-thumbnail=\"https:\/\/lebenshilfe-stmk.at\/wp-content\/uploads\/2024\/04\/DieWeltAufDenKopfStellenHoraRirsch2.jpg\" data-width=\"1980\" data-height=\"1320\" aria-label=\"\" role=\"img\" ><\/div>\n\t\t\t\t\t\t\t\t\t\t\t\t\t\t<\/div>\n\t\t\t\t\t\t\t<div class=\"e-gallery-item elementor-gallery-item elementor-animated-content\">\n\t\t\t\t\t<div class=\"e-gallery-image elementor-gallery-item__image\" data-thumbnail=\"https:\/\/lebenshilfe-stmk.at\/wp-content\/uploads\/2024\/04\/DieWeltAufdenKopfstellenHoraRirsch30.jpg\" data-width=\"1907\" data-height=\"1271\" aria-label=\"\" role=\"img\" ><\/div>\n\t\t\t\t\t\t\t\t\t\t\t\t\t\t<\/div>\n\t\t\t\t\t\t\t<div class=\"e-gallery-item elementor-gallery-item elementor-animated-content\">\n\t\t\t\t\t<div class=\"e-gallery-image elementor-gallery-item__image\" data-thumbnail=\"https:\/\/lebenshilfe-stmk.at\/wp-content\/uploads\/2024\/04\/DieWeltAufDenKopfStellenHoraRirsch37.jpg\" data-width=\"1980\" data-height=\"1320\" aria-label=\"\" role=\"img\" ><\/div>\n\t\t\t\t\t\t\t\t\t\t\t\t\t\t<\/div>\n\t\t\t\t\t\t\t<div class=\"e-gallery-item elementor-gallery-item elementor-animated-content\">\n\t\t\t\t\t<div class=\"e-gallery-image elementor-gallery-item__image\" data-thumbnail=\"https:\/\/lebenshilfe-stmk.at\/wp-content\/uploads\/2024\/04\/DieWeltAufDenKopfStellenHoraRirsch18-1-scaled.jpg\" data-width=\"2560\" data-height=\"1440\" aria-label=\"\" role=\"img\" ><\/div>\n\t\t\t\t\t\t\t\t\t\t\t\t\t\t<\/div>\n\t\t\t\t\t<\/div>\n\t\t\t\t\t<\/div>\n\t\t\t\t<\/div>\n\t\t\t\t\t<\/div>\n\t\t\t\t<\/div>\n\t\t\t\t<\/div>\n\t\t","protected":false},"excerpt":{"rendered":"<p>Was f\u00fcr ein Theater! Gemeinsam mit dem Kunstverein Griessner Stadl hat die Lebenshilfe Murau ein Projekt ins Leben gerufen, das sich wirklich sehen lassen kann: Die inklusive Theaterabteilung stellt die Welt auf den Kopf \u2013 und feiert auch international Erfolge. Angefangen hat alles mit einem Aufruf des Bundesministeriums f\u00fcr Kunst, Kultur, \u00f6ffentlichen Dienst und Sport: [&hellip;]<\/p>\n","protected":false},"author":1,"featured_media":844,"comment_status":"closed","ping_status":"closed","sticky":false,"template":"elementor_header_footer","format":"standard","meta":{"_acf_changed":false,"inline_featured_image":false,"footnotes":""},"categories":[22,24,25,26],"tags":[],"class_list":["post-838","post","type-post","status-publish","format-standard","has-post-thumbnail","hentry","category-freizeit","category-kultur","category-lebens-magazin","category-presseaussendung"],"acf":[],"_links":{"self":[{"href":"https:\/\/lebenshilfe-stmk.at\/ll\/wp-json\/wp\/v2\/posts\/838","targetHints":{"allow":["GET"]}}],"collection":[{"href":"https:\/\/lebenshilfe-stmk.at\/ll\/wp-json\/wp\/v2\/posts"}],"about":[{"href":"https:\/\/lebenshilfe-stmk.at\/ll\/wp-json\/wp\/v2\/types\/post"}],"author":[{"embeddable":true,"href":"https:\/\/lebenshilfe-stmk.at\/ll\/wp-json\/wp\/v2\/users\/1"}],"replies":[{"embeddable":true,"href":"https:\/\/lebenshilfe-stmk.at\/ll\/wp-json\/wp\/v2\/comments?post=838"}],"version-history":[{"count":20,"href":"https:\/\/lebenshilfe-stmk.at\/ll\/wp-json\/wp\/v2\/posts\/838\/revisions"}],"predecessor-version":[{"id":1716,"href":"https:\/\/lebenshilfe-stmk.at\/ll\/wp-json\/wp\/v2\/posts\/838\/revisions\/1716"}],"wp:featuredmedia":[{"embeddable":true,"href":"https:\/\/lebenshilfe-stmk.at\/ll\/wp-json\/wp\/v2\/media\/844"}],"wp:attachment":[{"href":"https:\/\/lebenshilfe-stmk.at\/ll\/wp-json\/wp\/v2\/media?parent=838"}],"wp:term":[{"taxonomy":"category","embeddable":true,"href":"https:\/\/lebenshilfe-stmk.at\/ll\/wp-json\/wp\/v2\/categories?post=838"},{"taxonomy":"post_tag","embeddable":true,"href":"https:\/\/lebenshilfe-stmk.at\/ll\/wp-json\/wp\/v2\/tags?post=838"}],"curies":[{"name":"wp","href":"https:\/\/api.w.org\/{rel}","templated":true}]}}