{"id":669,"date":"2024-04-16T15:20:10","date_gmt":"2024-04-16T13:20:10","guid":{"rendered":"https:\/\/lebenshilfe-stmk.at\/?p=669"},"modified":"2024-05-06T15:10:46","modified_gmt":"2024-05-06T13:10:46","slug":"daniela-schatz-computer-expertin","status":"publish","type":"post","link":"https:\/\/lebenshilfe-stmk.at\/ll\/daniela-schatz-computer-expertin\/","title":{"rendered":"Daniela Schatz, Computer-Expertin"},"content":{"rendered":"\t\t<div data-elementor-type=\"wp-post\" data-elementor-id=\"669\" class=\"elementor elementor-669\" data-elementor-post-type=\"post\">\n\t\t\t\t<div class=\"elementor-element elementor-element-87bcd9d e-flex e-con-boxed e-con e-parent\" data-id=\"87bcd9d\" data-element_type=\"container\">\n\t\t\t\t\t<div class=\"e-con-inner\">\n\t\t<div class=\"elementor-element elementor-element-90aa95b e-con-full e-flex e-con e-child\" data-id=\"90aa95b\" data-element_type=\"container\" data-settings=\"{&quot;background_background&quot;:&quot;classic&quot;}\">\n\t\t\t\t<\/div>\n\t\t<div class=\"elementor-element elementor-element-23d5946 e-con-full e-flex e-con e-child\" data-id=\"23d5946\" data-element_type=\"container\">\n\t\t\t\t<div class=\"elementor-element elementor-element-fc22109 elementor-widget elementor-widget-heading\" data-id=\"fc22109\" data-element_type=\"widget\" data-widget_type=\"heading.default\">\n\t\t\t\t<div class=\"elementor-widget-container\">\n\t\t\t\t\t<h1 class=\"elementor-heading-title elementor-size-default\">Daniela Schatz, Computerexpertin<\/h1>\t\t\t\t<\/div>\n\t\t\t\t<\/div>\n\t\t\t\t<div class=\"elementor-element elementor-element-9d12be8 elementor-widget elementor-widget-text-editor\" data-id=\"9d12be8\" data-element_type=\"widget\" data-widget_type=\"text-editor.default\">\n\t\t\t\t<div class=\"elementor-widget-container\">\n\t\t\t\t\t\t\t\t\t<p>Daniela Schatz arbeitet im Standort Arnfels der Lebenshilfe Leibnitz. Sie hat zwei gro\u00dfe Talente, die sie miteinander verbindet: Das Kn\u00fcpfen von Armb\u00e4ndern \u2013 und der Umgang mit digitalen Medien.<\/p>\t\t\t\t\t\t\t\t<\/div>\n\t\t\t\t<\/div>\n\t\t\t\t<div class=\"elementor-element elementor-element-9f34fbe elementor-widget elementor-widget-text-editor\" data-id=\"9f34fbe\" data-element_type=\"widget\" data-widget_type=\"text-editor.default\">\n\t\t\t\t<div class=\"elementor-widget-container\">\n\t\t\t\t\t\t\t\t\t<p><em>von Daniela Schatz<\/em><\/p>\t\t\t\t\t\t\t\t<\/div>\n\t\t\t\t<\/div>\n\t\t\t\t<\/div>\n\t\t\t\t\t<\/div>\n\t\t\t\t<\/div>\n\t\t<div class=\"elementor-element elementor-element-4606ae5 e-flex e-con-boxed e-con e-parent\" data-id=\"4606ae5\" data-element_type=\"container\">\n\t\t\t\t\t<div class=\"e-con-inner\">\n\t\t\t\t<div class=\"elementor-element elementor-element-1288e1a elementor-widget elementor-widget-text-editor\" data-id=\"1288e1a\" data-element_type=\"widget\" data-widget_type=\"text-editor.default\">\n\t\t\t\t<div class=\"elementor-widget-container\">\n\t\t\t\t\t\t\t\t\t<p>Meine Freizeit verbringe ich gerne mit dem Kn\u00fcpfen von Armb\u00e4ndern. Ich kn\u00fcpfe Freundschaftsb\u00e4nder, zum Beispiel f\u00fcr Hobby-K\u00fcnstlerm\u00e4rkte oder Weihnachtsm\u00e4rkte. Mein Ziel ist es, meine Freundschaftsb\u00e4nder in einem Gesch\u00e4ft zu verkaufen. Ich arbeite hart daran, dieses Ziel zu erreichen. Ich filme, wie ich die Armb\u00e4nder kn\u00fcpfe und stelle die Videos auf YouTube. Ich bin gerne unterwegs, zum Beispiel im Kino. Unter der Woche arbeite ich bei der Lebenshilfe Leibnitz am Standort Arnfels. Seit zwei Jahren bin ich hier im Bereich der sozialen Medien selbstst\u00e4ndig t\u00e4tig und betreue die Facebook-Seite.<\/p><p>\u00a0<\/p><p><strong>Weiterbildung bei Computer-Workshops<br \/><\/strong>\u00dcber die Jahre hatten immer mehr Kolleg*innen und auch Assistent*innen Fragen zu Computern, Smartphones, Tablets und Internet. Zum Gl\u00fcck haben wir dann Werner Lugert gefunden. Er ist IT-Fachmann und kennt sich besonders gut mit Computern aus. Regelm\u00e4\u00dfig nehme ich an Workshops mit Werner teil. Er bringt mir Wissenswertes im Bereich EDV und soziale Medien bei. Um zu \u00fcben, habe ich mich an einem Instagram-Tutorial versucht. Da erkl\u00e4re ich, wie Instagram funktioniert. Daf\u00fcr habe ich eine \u201eSchritt f\u00fcr Schritt\u201d-Anleitung aufgenommen und die Funktionen und M\u00f6glichkeiten von Instagram erkl\u00e4rt. Ich habe alle Video- und Audioaufnahmen bis hin zum Videoschnitt selbst gemacht.<\/p><p>\u00a0<\/p><p><strong>Immer am neuesten Stand der Technik<br \/><\/strong>Nun habe ich eine neue Hilfestellung erhalten, mit der ich die Social-Media-Beitr\u00e4ge selbst verfassen kann. Diese nennt sich ChatGPT und ist eine App, mit der man mithilfe von k\u00fcnstlicher Intelligenz Texte erstellen kann. Mit ChatGPT kann ich auch E-Mails und Nachrichten besser verfassen. Inzwischen gebe ich auch als Co-Referentin Computer-Kurse mit Werner Lugert f\u00fcr meine Kolleg*innen in der Lebenshilfe Leibnitz.<\/p>\t\t\t\t\t\t\t\t<\/div>\n\t\t\t\t<\/div>\n\t\t\t\t\t<\/div>\n\t\t\t\t<\/div>\n\t\t<div class=\"elementor-element elementor-element-fef9eaf e-flex e-con-boxed e-con e-parent\" data-id=\"fef9eaf\" data-element_type=\"container\">\n\t\t\t\t\t<div class=\"e-con-inner\">\n\t\t\t\t<div class=\"elementor-element elementor-element-849495b elementor-widget elementor-widget-gallery\" data-id=\"849495b\" data-element_type=\"widget\" data-settings=\"{&quot;columns&quot;:2,&quot;lazyload&quot;:&quot;yes&quot;,&quot;gallery_layout&quot;:&quot;grid&quot;,&quot;columns_tablet&quot;:2,&quot;columns_mobile&quot;:1,&quot;gap&quot;:{&quot;unit&quot;:&quot;px&quot;,&quot;size&quot;:10,&quot;sizes&quot;:[]},&quot;gap_tablet&quot;:{&quot;unit&quot;:&quot;px&quot;,&quot;size&quot;:10,&quot;sizes&quot;:[]},&quot;gap_mobile&quot;:{&quot;unit&quot;:&quot;px&quot;,&quot;size&quot;:10,&quot;sizes&quot;:[]},&quot;aspect_ratio&quot;:&quot;3:2&quot;,&quot;content_hover_animation&quot;:&quot;fade-in&quot;}\" data-widget_type=\"gallery.default\">\n\t\t\t\t<div class=\"elementor-widget-container\">\n\t\t\t\t\t\t\t<div class=\"elementor-gallery__container\">\n\t\t\t\t\t\t\t<div class=\"e-gallery-item elementor-gallery-item elementor-animated-content\">\n\t\t\t\t\t<div class=\"e-gallery-image elementor-gallery-item__image\" data-thumbnail=\"https:\/\/lebenshilfe-stmk.at\/wp-content\/uploads\/2024\/04\/IMG_0358-2.jpg\" data-width=\"2048\" data-height=\"1536\" aria-label=\"\" role=\"img\" ><\/div>\n\t\t\t\t\t\t\t\t\t\t\t\t\t\t<\/div>\n\t\t\t\t\t\t\t<div class=\"e-gallery-item elementor-gallery-item elementor-animated-content\">\n\t\t\t\t\t<div class=\"e-gallery-image elementor-gallery-item__image\" data-thumbnail=\"https:\/\/lebenshilfe-stmk.at\/wp-content\/uploads\/2024\/04\/Workshop-2-1-2.jpg\" data-width=\"2048\" data-height=\"1365\" aria-label=\"\" role=\"img\" ><\/div>\n\t\t\t\t\t\t\t\t\t\t\t\t\t\t<\/div>\n\t\t\t\t\t<\/div>\n\t\t\t\t\t<\/div>\n\t\t\t\t<\/div>\n\t\t\t\t\t<\/div>\n\t\t\t\t<\/div>\n\t\t\t\t<\/div>\n\t\t","protected":false},"excerpt":{"rendered":"<p>Daniela Schatz, Computerexpertin Daniela Schatz arbeitet im Standort Arnfels der Lebenshilfe Leibnitz. Sie hat zwei gro\u00dfe Talente, die sie miteinander verbindet: Das Kn\u00fcpfen von Armb\u00e4ndern \u2013 und der Umgang mit digitalen Medien. von Daniela Schatz Meine Freizeit verbringe ich gerne mit dem Kn\u00fcpfen von Armb\u00e4ndern. Ich kn\u00fcpfe Freundschaftsb\u00e4nder, zum Beispiel f\u00fcr Hobby-K\u00fcnstlerm\u00e4rkte oder Weihnachtsm\u00e4rkte. Mein [&hellip;]<\/p>\n","protected":false},"author":1,"featured_media":772,"comment_status":"closed","ping_status":"closed","sticky":false,"template":"elementor_header_footer","format":"standard","meta":{"_acf_changed":false,"inline_featured_image":false,"footnotes":""},"categories":[25],"tags":[],"class_list":["post-669","post","type-post","status-publish","format-standard","has-post-thumbnail","hentry","category-lebens-magazin"],"acf":[],"_links":{"self":[{"href":"https:\/\/lebenshilfe-stmk.at\/ll\/wp-json\/wp\/v2\/posts\/669","targetHints":{"allow":["GET"]}}],"collection":[{"href":"https:\/\/lebenshilfe-stmk.at\/ll\/wp-json\/wp\/v2\/posts"}],"about":[{"href":"https:\/\/lebenshilfe-stmk.at\/ll\/wp-json\/wp\/v2\/types\/post"}],"author":[{"embeddable":true,"href":"https:\/\/lebenshilfe-stmk.at\/ll\/wp-json\/wp\/v2\/users\/1"}],"replies":[{"embeddable":true,"href":"https:\/\/lebenshilfe-stmk.at\/ll\/wp-json\/wp\/v2\/comments?post=669"}],"version-history":[{"count":22,"href":"https:\/\/lebenshilfe-stmk.at\/ll\/wp-json\/wp\/v2\/posts\/669\/revisions"}],"predecessor-version":[{"id":1069,"href":"https:\/\/lebenshilfe-stmk.at\/ll\/wp-json\/wp\/v2\/posts\/669\/revisions\/1069"}],"wp:featuredmedia":[{"embeddable":true,"href":"https:\/\/lebenshilfe-stmk.at\/ll\/wp-json\/wp\/v2\/media\/772"}],"wp:attachment":[{"href":"https:\/\/lebenshilfe-stmk.at\/ll\/wp-json\/wp\/v2\/media?parent=669"}],"wp:term":[{"taxonomy":"category","embeddable":true,"href":"https:\/\/lebenshilfe-stmk.at\/ll\/wp-json\/wp\/v2\/categories?post=669"},{"taxonomy":"post_tag","embeddable":true,"href":"https:\/\/lebenshilfe-stmk.at\/ll\/wp-json\/wp\/v2\/tags?post=669"}],"curies":[{"name":"wp","href":"https:\/\/api.w.org\/{rel}","templated":true}]}}