{"id":4424,"date":"2026-09-04T16:12:17","date_gmt":"2026-09-04T14:12:17","guid":{"rendered":"https:\/\/lebenshilfe-stmk.at\/?p=4424"},"modified":"2026-09-04T16:18:31","modified_gmt":"2026-09-04T14:18:31","slug":"stellungnahme-der-lebenshilfe-steiermark-zu-den-aktuellen-vorwuerfen-im-zusammenhang-mit-der-lebenshilfe-leibnitz","status":"publish","type":"post","link":"https:\/\/lebenshilfe-stmk.at\/ll\/stellungnahme-der-lebenshilfe-steiermark-zu-den-aktuellen-vorwuerfen-im-zusammenhang-mit-der-lebenshilfe-leibnitz\/","title":{"rendered":"Stellungnahme"},"content":{"rendered":"\t\t<div data-elementor-type=\"wp-post\" data-elementor-id=\"4424\" class=\"elementor elementor-4424\" data-elementor-post-type=\"post\">\n\t\t\t\t<div class=\"elementor-element elementor-element-b0c70d7 e-flex e-con-boxed e-con e-parent\" data-id=\"b0c70d7\" data-element_type=\"container\">\n\t\t\t\t\t<div class=\"e-con-inner\">\n\t\t\t\t\t<\/div>\n\t\t\t\t<\/div>\n\t\t<div class=\"elementor-element elementor-element-4606ae5 e-flex e-con-boxed e-con e-parent\" data-id=\"4606ae5\" data-element_type=\"container\">\n\t\t\t\t\t<div class=\"e-con-inner\">\n\t\t\t\t<div class=\"elementor-element elementor-element-c15afad elementor-widget elementor-widget-heading\" data-id=\"c15afad\" data-element_type=\"widget\" data-widget_type=\"heading.default\">\n\t\t\t\t<div class=\"elementor-widget-container\">\n\t\t\t\t\t<h1 class=\"elementor-heading-title elementor-size-default\"><span style=\"font-size: 60px\">Stellungnahme der Lebenshilfe Steiermark zu den aktuellen Vorw\u00fcrfen im Zusammenhang mit der Lebenshilfe Leibnitz<\/span><\/h1>\t\t\t\t<\/div>\n\t\t\t\t<\/div>\n\t\t\t\t<div class=\"elementor-element elementor-element-2397d54 elementor-widget__width-initial elementor-widget-tablet__width-inherit elementor-widget elementor-widget-text-editor\" data-id=\"2397d54\" data-element_type=\"widget\" data-widget_type=\"text-editor.default\">\n\t\t\t\t<div class=\"elementor-widget-container\">\n\t\t\t\t\t\t\t\t\t<p>Lebenshilfe Steiermark bezieht Stellung zur Berichterstattung vom 4. September 2026<\/p>\t\t\t\t\t\t\t\t<\/div>\n\t\t\t\t<\/div>\n\t\t\t\t<div class=\"elementor-element elementor-element-9f34fbe elementor-widget elementor-widget-text-editor\" data-id=\"9f34fbe\" data-element_type=\"widget\" data-widget_type=\"text-editor.default\">\n\t\t\t\t<div class=\"elementor-widget-container\">\n\t\t\t\t\t\t\t\t\t<p>Graz, 4. September 2026<\/p>\t\t\t\t\t\t\t\t<\/div>\n\t\t\t\t<\/div>\n\t\t\t\t<div class=\"elementor-element elementor-element-1288e1a elementor-widget__width-initial elementor-widget-tablet__width-inherit elementor-widget elementor-widget-text-editor\" data-id=\"1288e1a\" data-element_type=\"widget\" data-widget_type=\"text-editor.default\">\n\t\t\t\t<div class=\"elementor-widget-container\">\n\t\t\t\t\t\t\t\t\t<p>Am 4. September 2026 haben Medien \u00fcber anonyme Vorw\u00fcrfe gegen\u00fcber der Gesch\u00e4ftsf\u00fchrung der Lebenshilfe Leibnitz berichtet.<\/p><p>Als Organisation, die f\u00fcr Inklusion, Teilhabe und respektvolles Miteinander steht, nehmen wir diese Anschuldigungen sehr ernst. Die erhobenen und derzeit unbest\u00e4tigten Vorw\u00fcrfe gegen\u00fcber der Lebenshilfe Leibnitz und deren Gesch\u00e4ftsf\u00fchrung stehen im klaren Widerspruch zu unseren Werten.<\/p><p>\u00a0<\/p><p>Die Lebenshilfe Steiermark ist eine <strong>Interessengemeinschaft mit gemeinsamem <a href=\"https:\/\/lebenshilfe-stmk.at\/wp-content\/uploads\/2026\/06\/GrundsaetzeGuterFuehrung.pdf\">Governance-Kodex<\/a><\/strong>, aber ohne Kontrollfunktion gegen\u00fcber ihren Mitgliedsorganisationen. Als Dachverband vertreten wir die gemeinsamen Interessen unserer Mitgliedsorganisationen \u2013 insbesondere von Menschen mit Behinderungen und ihren Angeh\u00f6rigen. Die Mitglieder sind eigenst\u00e4ndige Betriebe.<\/p><p>\u00a0<\/p><p>Die Lebenshilfe Leibnitz hat ihren au\u00dferordentlichen Austritt aus dem Dachverband Lebenshilfe Steiermark mit Ende August 2026 bekanntgegeben. Wir haben alle Schritte f\u00fcr einen au\u00dferordentlichen Austritt in die Wege geleitet und die Mitgliedschaft mit sofortiger Wirkung ruhend gestellt. Die weitere organisatorische und rechtliche Abwicklung sowie die weiteren Schritte werden aufgrund der Schwere der erhobenen Vorw\u00fcrfe mit den Mitgliedern der Lebenshilfe Steiermark in einer au\u00dferordentlichen Delegiertenversammlung beschlossen.<\/p><p>\u00a0<\/p><p><strong>Unser Ziel ist eine sachliche, transparente und verantwortungsvolle Aufkl\u00e4rung des Sachverhalts. Wir tragen im Rahmen unserer M\u00f6glichkeiten alles dazu bei.<\/strong><\/p><p>\u201eDie Vorw\u00fcrfe sind derzeit weder best\u00e4tigt noch widerlegt. Alle ge\u00e4u\u00dferten Vorw\u00fcrfe stehen im Widerspruch zu den Grunds\u00e4tzen, f\u00fcr die die Lebenshilfe steht. Wir wollen alles beitragen, was uns m\u00f6glich ist, um eine transparente und verantwortungsvolle Aufarbeitung zu erreichen\u201c, sagt Elke Lujansky-Lammer, Pr\u00e4sidentin der Lebenshilfe Steiermark.<\/p><p>\u00a0<\/p><p><strong>Kontakt<\/strong><\/p><p>Katharina Robia<br \/>Kommunikation Lebenshilfe Steiermark<\/p><p><a href=\"mailto:katharina.robia@lebenshilfe-stmk.at\">katharina.robia@lebenshilfe-stmk.at<\/a><br \/>0660\/32 12 8 12<\/p><p>\u00a0<\/p>\t\t\t\t\t\t\t\t<\/div>\n\t\t\t\t<\/div>\n\t\t<div class=\"elementor-element elementor-element-d166c8d e-con-full e-flex e-con e-child\" data-id=\"d166c8d\" data-element_type=\"container\">\n\t\t\t\t<\/div>\n\t\t\t\t\t<\/div>\n\t\t\t\t<\/div>\n\t\t<div class=\"elementor-element elementor-element-5ca53f9 e-flex e-con-boxed e-con e-parent\" data-id=\"5ca53f9\" data-element_type=\"container\">\n\t\t\t\t\t<div class=\"e-con-inner\">\n\t\t\t\t\t<\/div>\n\t\t\t\t<\/div>\n\t\t<div class=\"elementor-element elementor-element-04186e5 e-flex e-con-boxed e-con e-parent\" data-id=\"04186e5\" data-element_type=\"container\">\n\t\t\t\t\t<div class=\"e-con-inner\">\n\t\t\t\t\t<\/div>\n\t\t\t\t<\/div>\n\t\t\t\t<\/div>\n\t\t","protected":false},"excerpt":{"rendered":"<p>Stellungnahme der Lebenshilfe Steiermark zu den aktuellen Vorw\u00fcrfen im Zusammenhang mit der Lebenshilfe Leibnitz Lebenshilfe Steiermark bezieht Stellung zur Berichterstattung vom 4. September 2026 Graz, 4. September 2026 Am 4. September 2026 haben Medien \u00fcber anonyme Vorw\u00fcrfe gegen\u00fcber der Gesch\u00e4ftsf\u00fchrung der Lebenshilfe Leibnitz berichtet. Als Organisation, die f\u00fcr Inklusion, Teilhabe und respektvolles Miteinander steht, nehmen [&hellip;]<\/p>\n","protected":false},"author":2,"featured_media":4431,"comment_status":"closed","ping_status":"closed","sticky":false,"template":"elementor_header_footer","format":"standard","meta":{"_acf_changed":false,"inline_featured_image":false,"footnotes":""},"categories":[25,26],"tags":[],"class_list":["post-4424","post","type-post","status-publish","format-standard","has-post-thumbnail","hentry","category-lebens-magazin","category-presseaussendung"],"acf":[],"_links":{"self":[{"href":"https:\/\/lebenshilfe-stmk.at\/ll\/wp-json\/wp\/v2\/posts\/4424","targetHints":{"allow":["GET"]}}],"collection":[{"href":"https:\/\/lebenshilfe-stmk.at\/ll\/wp-json\/wp\/v2\/posts"}],"about":[{"href":"https:\/\/lebenshilfe-stmk.at\/ll\/wp-json\/wp\/v2\/types\/post"}],"author":[{"embeddable":true,"href":"https:\/\/lebenshilfe-stmk.at\/ll\/wp-json\/wp\/v2\/users\/2"}],"replies":[{"embeddable":true,"href":"https:\/\/lebenshilfe-stmk.at\/ll\/wp-json\/wp\/v2\/comments?post=4424"}],"version-history":[{"count":6,"href":"https:\/\/lebenshilfe-stmk.at\/ll\/wp-json\/wp\/v2\/posts\/4424\/revisions"}],"predecessor-version":[{"id":4434,"href":"https:\/\/lebenshilfe-stmk.at\/ll\/wp-json\/wp\/v2\/posts\/4424\/revisions\/4434"}],"wp:featuredmedia":[{"embeddable":true,"href":"https:\/\/lebenshilfe-stmk.at\/ll\/wp-json\/wp\/v2\/media\/4431"}],"wp:attachment":[{"href":"https:\/\/lebenshilfe-stmk.at\/ll\/wp-json\/wp\/v2\/media?parent=4424"}],"wp:term":[{"taxonomy":"category","embeddable":true,"href":"https:\/\/lebenshilfe-stmk.at\/ll\/wp-json\/wp\/v2\/categories?post=4424"},{"taxonomy":"post_tag","embeddable":true,"href":"https:\/\/lebenshilfe-stmk.at\/ll\/wp-json\/wp\/v2\/tags?post=4424"}],"curies":[{"name":"wp","href":"https:\/\/api.w.org\/{rel}","templated":true}]}}