{"id":4405,"date":"2026-09-03T10:15:43","date_gmt":"2026-09-03T08:15:43","guid":{"rendered":"https:\/\/lebenshilfe-stmk.at\/?p=4405"},"modified":"2026-09-03T10:15:56","modified_gmt":"2026-09-03T08:15:56","slug":"karin-ondas-uebernimmt-das-generalsekretariat-der-lebenshilfe-steiermark","status":"publish","type":"post","link":"https:\/\/lebenshilfe-stmk.at\/ll\/karin-ondas-uebernimmt-das-generalsekretariat-der-lebenshilfe-steiermark\/","title":{"rendered":"Karin Ondas \u00fcbernimmt das Generalsekretariat der Lebenshilfe Steiermark"},"content":{"rendered":"\t\t<div data-elementor-type=\"wp-post\" data-elementor-id=\"4405\" class=\"elementor elementor-4405\" data-elementor-post-type=\"post\">\n\t\t\t\t<div class=\"elementor-element elementor-element-b0c70d7 e-flex e-con-boxed e-con e-parent\" data-id=\"b0c70d7\" data-element_type=\"container\">\n\t\t\t\t\t<div class=\"e-con-inner\">\n\t\t\t\t\t<\/div>\n\t\t\t\t<\/div>\n\t\t<div class=\"elementor-element elementor-element-4606ae5 e-flex e-con-boxed e-con e-parent\" data-id=\"4606ae5\" data-element_type=\"container\">\n\t\t\t\t\t<div class=\"e-con-inner\">\n\t\t\t\t<div class=\"elementor-element elementor-element-c15afad elementor-widget elementor-widget-heading\" data-id=\"c15afad\" data-element_type=\"widget\" data-widget_type=\"heading.default\">\n\t\t\t\t<div class=\"elementor-widget-container\">\n\t\t\t\t\t<h1 class=\"elementor-heading-title elementor-size-default\"><span style=\"font-size: 60px\">Karin Ondas \u00fcbernimmt das Generalsekretariat der Lebenshilfe Steiermark<\/span><\/h1>\t\t\t\t<\/div>\n\t\t\t\t<\/div>\n\t\t\t\t<div class=\"elementor-element elementor-element-2397d54 elementor-widget__width-initial elementor-widget-tablet__width-inherit elementor-widget elementor-widget-text-editor\" data-id=\"2397d54\" data-element_type=\"widget\" data-widget_type=\"text-editor.default\">\n\t\t\t\t<div class=\"elementor-widget-container\">\n\t\t\t\t\t\t\t\t\t<p>Mit viel Erfahrung in Sozialpolitik und Interessenvertretung<\/p>\t\t\t\t\t\t\t\t<\/div>\n\t\t\t\t<\/div>\n\t\t\t\t<div class=\"elementor-element elementor-element-9f34fbe elementor-widget elementor-widget-text-editor\" data-id=\"9f34fbe\" data-element_type=\"widget\" data-widget_type=\"text-editor.default\">\n\t\t\t\t<div class=\"elementor-widget-container\">\n\t\t\t\t\t\t\t\t\t<p>Graz, 3. September 2026<\/p>\t\t\t\t\t\t\t\t<\/div>\n\t\t\t\t<\/div>\n\t\t\t\t<div class=\"elementor-element elementor-element-1288e1a elementor-widget__width-initial elementor-widget-tablet__width-inherit elementor-widget elementor-widget-text-editor\" data-id=\"1288e1a\" data-element_type=\"widget\" data-widget_type=\"text-editor.default\">\n\t\t\t\t<div class=\"elementor-widget-container\">\n\t\t\t\t\t\t\t\t\t<p>Seit 1. September 2026 hat die Lebenshilfe Steiermark, die gr\u00f6\u00dfte Interessenvertretung f\u00fcr Menschen mit Behinderungen und ihre Angeh\u00f6rigen in der Steiermark, mit Karin Ondas eine neue Generalsekret\u00e4rin.<\/p><p><br \/>Karin Ondas bringt langj\u00e4hrige Erfahrung in der Sozialpolitik und in der Interessenvertretung mit. Unter anderem war sie als Generalsekret\u00e4rin der Sozialwirtschaft Steiermark t\u00e4tig und kennt damit sowohl die sozialpolitischen Herausforderungen als auch die Arbeit auf Ebene eines gro\u00dfen Dachverbands aus erster Hand.<\/p><p><br \/>\u201eIch freue mich auf die neue Aufgabe und darauf, gemeinsam mit den Selbstvertreter*innen, den steirischen Lebenshilfen und unseren Partner*innen sowie Verb\u00fcndeten an einer inklusiven Gesellschaft zu arbeiten\u201c, so Karin Ondas.<\/p><p><br \/><strong>\u00dcber die Lebenshilfe Steiermark<\/strong><br \/>Die Lebenshilfe Steiermark ist die gr\u00f6\u00dfte Interessenvertretung f\u00fcr Menschen mit Behinderungen und ihre Familien in der Steiermark. Wir arbeiten daf\u00fcr, dass Inklusion gelebte Realit\u00e4t wird \u2013 von Anfang an, in allen Lebensbereichen, so wie es die UN-Behindertenrechtskonvention vorsieht.<\/p>\t\t\t\t\t\t\t\t<\/div>\n\t\t\t\t<\/div>\n\t\t<div class=\"elementor-element elementor-element-d166c8d e-con-full e-flex e-con e-child\" data-id=\"d166c8d\" data-element_type=\"container\">\n\t\t<div class=\"elementor-element elementor-element-8c7997b e-con-full e-flex e-con e-child\" data-id=\"8c7997b\" data-element_type=\"container\">\n\t\t\t\t<div class=\"elementor-element elementor-element-a84c87e elementor-widget__width-initial elementor-widget-mobile__width-inherit elementor-widget elementor-widget-text-editor\" data-id=\"a84c87e\" data-element_type=\"widget\" data-widget_type=\"text-editor.default\">\n\t\t\t\t<div class=\"elementor-widget-container\">\n\t\t\t\t\t\t\t\t\t<p>&#8220;Ich freue mich auf die neue Aufgabe und darauf, gemeinsam mit den Selbstvertreter*innen, den steirischen Lebenshilfen und unseren Partner*innen sowie Verb\u00fcndeten <em>an einer inklusiven Gesellschaft zu arbeiten<\/em>.\u201c<\/p>\t\t\t\t\t\t\t\t<\/div>\n\t\t\t\t<\/div>\n\t\t\t\t<div class=\"elementor-element elementor-element-b8f0873 elementor-widget elementor-widget-heading\" data-id=\"b8f0873\" data-element_type=\"widget\" data-widget_type=\"heading.default\">\n\t\t\t\t<div class=\"elementor-widget-container\">\n\t\t\t\t\t<p class=\"elementor-heading-title elementor-size-default\">Karin Ondas, Generalsekret\u00e4rin Lebenshilfe Steiermark<\/p>\t\t\t\t<\/div>\n\t\t\t\t<\/div>\n\t\t\t\t<\/div>\n\t\t<div class=\"elementor-element elementor-element-ebd643f e-con-full e-flex e-con e-child\" data-id=\"ebd643f\" data-element_type=\"container\">\n\t\t\t\t<div class=\"elementor-element elementor-element-0092b2a elementor-widget elementor-widget-image\" data-id=\"0092b2a\" data-element_type=\"widget\" data-widget_type=\"image.default\">\n\t\t\t\t<div class=\"elementor-widget-container\">\n\t\t\t\t\t\t\t\t\t\t\t\t\t\t\t<img fetchpriority=\"high\" decoding=\"async\" width=\"800\" height=\"1000\" src=\"https:\/\/lebenshilfe-stmk.at\/wp-content\/uploads\/2026\/09\/Portrait-Generalsekretaerin-Karin-Ondas_cLebenshilfe-Steiermark-819x1024.jpg\" class=\"attachment-large size-large wp-image-4410\" alt=\"\" srcset=\"https:\/\/lebenshilfe-stmk.at\/wp-content\/uploads\/2026\/09\/Portrait-Generalsekretaerin-Karin-Ondas_cLebenshilfe-Steiermark-819x1024.jpg 819w, https:\/\/lebenshilfe-stmk.at\/wp-content\/uploads\/2026\/09\/Portrait-Generalsekretaerin-Karin-Ondas_cLebenshilfe-Steiermark-240x300.jpg 240w, https:\/\/lebenshilfe-stmk.at\/wp-content\/uploads\/2026\/09\/Portrait-Generalsekretaerin-Karin-Ondas_cLebenshilfe-Steiermark-768x960.jpg 768w, https:\/\/lebenshilfe-stmk.at\/wp-content\/uploads\/2026\/09\/Portrait-Generalsekretaerin-Karin-Ondas_cLebenshilfe-Steiermark-1229x1536.jpg 1229w, https:\/\/lebenshilfe-stmk.at\/wp-content\/uploads\/2026\/09\/Portrait-Generalsekretaerin-Karin-Ondas_cLebenshilfe-Steiermark-1638x2048.jpg 1638w, https:\/\/lebenshilfe-stmk.at\/wp-content\/uploads\/2026\/09\/Portrait-Generalsekretaerin-Karin-Ondas_cLebenshilfe-Steiermark-scaled.jpg 2048w\" sizes=\"(max-width: 800px) 100vw, 800px\" \/>\t\t\t\t\t\t\t\t\t\t\t\t\t\t\t<\/div>\n\t\t\t\t<\/div>\n\t\t\t\t<\/div>\n\t\t\t\t<\/div>\n\t\t\t\t\t<\/div>\n\t\t\t\t<\/div>\n\t\t<div class=\"elementor-element elementor-element-5ca53f9 e-flex e-con-boxed e-con e-parent\" data-id=\"5ca53f9\" data-element_type=\"container\">\n\t\t\t\t\t<div class=\"e-con-inner\">\n\t\t\t\t\t<\/div>\n\t\t\t\t<\/div>\n\t\t<div class=\"elementor-element elementor-element-04186e5 e-flex e-con-boxed e-con e-parent\" data-id=\"04186e5\" data-element_type=\"container\">\n\t\t\t\t\t<div class=\"e-con-inner\">\n\t\t\t\t\t<\/div>\n\t\t\t\t<\/div>\n\t\t\t\t<\/div>\n\t\t","protected":false},"excerpt":{"rendered":"<p>Karin Ondas \u00fcbernimmt das Generalsekretariat der Lebenshilfe Steiermark Mit viel Erfahrung in Sozialpolitik und Interessenvertretung Graz, 3. September 2026 Seit 1. September 2026 hat die Lebenshilfe Steiermark, die gr\u00f6\u00dfte Interessenvertretung f\u00fcr Menschen mit Behinderungen und ihre Angeh\u00f6rigen in der Steiermark, mit Karin Ondas eine neue Generalsekret\u00e4rin. Karin Ondas bringt langj\u00e4hrige Erfahrung in der Sozialpolitik und [&hellip;]<\/p>\n","protected":false},"author":2,"featured_media":4406,"comment_status":"closed","ping_status":"closed","sticky":false,"template":"elementor_header_footer","format":"standard","meta":{"_acf_changed":false,"inline_featured_image":false,"footnotes":""},"categories":[20,17,26,18,14,15],"tags":[],"class_list":["post-4405","post","type-post","status-publish","format-standard","has-post-thumbnail","hentry","category-arbeit","category-interessenspolitik","category-presseaussendung","category-selbstbestimmung","category-selbstvertretung","category-un-behindertenrechtskonvention"],"acf":[],"_links":{"self":[{"href":"https:\/\/lebenshilfe-stmk.at\/ll\/wp-json\/wp\/v2\/posts\/4405","targetHints":{"allow":["GET"]}}],"collection":[{"href":"https:\/\/lebenshilfe-stmk.at\/ll\/wp-json\/wp\/v2\/posts"}],"about":[{"href":"https:\/\/lebenshilfe-stmk.at\/ll\/wp-json\/wp\/v2\/types\/post"}],"author":[{"embeddable":true,"href":"https:\/\/lebenshilfe-stmk.at\/ll\/wp-json\/wp\/v2\/users\/2"}],"replies":[{"embeddable":true,"href":"https:\/\/lebenshilfe-stmk.at\/ll\/wp-json\/wp\/v2\/comments?post=4405"}],"version-history":[{"count":7,"href":"https:\/\/lebenshilfe-stmk.at\/ll\/wp-json\/wp\/v2\/posts\/4405\/revisions"}],"predecessor-version":[{"id":4416,"href":"https:\/\/lebenshilfe-stmk.at\/ll\/wp-json\/wp\/v2\/posts\/4405\/revisions\/4416"}],"wp:featuredmedia":[{"embeddable":true,"href":"https:\/\/lebenshilfe-stmk.at\/ll\/wp-json\/wp\/v2\/media\/4406"}],"wp:attachment":[{"href":"https:\/\/lebenshilfe-stmk.at\/ll\/wp-json\/wp\/v2\/media?parent=4405"}],"wp:term":[{"taxonomy":"category","embeddable":true,"href":"https:\/\/lebenshilfe-stmk.at\/ll\/wp-json\/wp\/v2\/categories?post=4405"},{"taxonomy":"post_tag","embeddable":true,"href":"https:\/\/lebenshilfe-stmk.at\/ll\/wp-json\/wp\/v2\/tags?post=4405"}],"curies":[{"name":"wp","href":"https:\/\/api.w.org\/{rel}","templated":true}]}}