{"id":3652,"date":"2025-08-21T13:21:41","date_gmt":"2025-08-21T11:21:41","guid":{"rendered":"https:\/\/lebenshilfe-stmk.at\/?p=3652"},"modified":"2025-08-21T13:22:54","modified_gmt":"2025-08-21T11:22:54","slug":"wie-beschreibst-du-zivildienst-bei-der-lebenshilfe","status":"publish","type":"post","link":"https:\/\/lebenshilfe-stmk.at\/ll\/wie-beschreibst-du-zivildienst-bei-der-lebenshilfe\/","title":{"rendered":"Erik, wie w\u00fcrdest du den Zivildienst beschreiben?"},"content":{"rendered":"\t\t<div data-elementor-type=\"wp-post\" data-elementor-id=\"3652\" class=\"elementor elementor-3652\" data-elementor-post-type=\"post\">\n\t\t\t\t<div class=\"elementor-element elementor-element-4606ae5 e-flex e-con-boxed e-con e-parent\" data-id=\"4606ae5\" data-element_type=\"container\">\n\t\t\t\t\t<div class=\"e-con-inner\">\n\t\t\t\t<div class=\"elementor-element elementor-element-c15afad elementor-widget elementor-widget-heading\" data-id=\"c15afad\" data-element_type=\"widget\" data-widget_type=\"heading.default\">\n\t\t\t\t<div class=\"elementor-widget-container\">\n\t\t\t\t\t<h1 class=\"elementor-heading-title elementor-size-default\">\u201eDie Erlebnisse bleiben f\u00fcr immer\u201c<\/h1>\t\t\t\t<\/div>\n\t\t\t\t<\/div>\n\t\t\t\t<div class=\"elementor-element elementor-element-2397d54 elementor-widget elementor-widget-text-editor\" data-id=\"2397d54\" data-element_type=\"widget\" data-widget_type=\"text-editor.default\">\n\t\t\t\t<div class=\"elementor-widget-container\">\n\t\t\t\t\t\t\t\t\t<p><b>Erik Schellenberger hat seinen Zivildienst im <a href=\"https:\/\/www.lebenshilfe-fuerstenfeld.at\/herzstueck81\/\" target=\"_blank\" rel=\"noopener\">Herzst\u00fcck81 <\/a>in Ilz geleistet, einer\u00a0<\/b><b>Einsatzstelle der Lebenshilfe F\u00fcrstenfeld. Wir haben ihn gefragt, wie er seine Zeit mit drei Emojis beschreiben w\u00fcrde.<\/b><\/p>\t\t\t\t\t\t\t\t<\/div>\n\t\t\t\t<\/div>\n\t\t\t\t<div class=\"elementor-element elementor-element-30aa16b elementor-widget elementor-widget-spacer\" data-id=\"30aa16b\" data-element_type=\"widget\" data-widget_type=\"spacer.default\">\n\t\t\t\t<div class=\"elementor-widget-container\">\n\t\t\t\t\t\t\t<div class=\"elementor-spacer\">\n\t\t\t<div class=\"elementor-spacer-inner\"><\/div>\n\t\t<\/div>\n\t\t\t\t\t\t<\/div>\n\t\t\t\t<\/div>\n\t\t\t\t<div class=\"elementor-element elementor-element-54b8c52 elementor-widget elementor-widget-text-editor\" data-id=\"54b8c52\" data-element_type=\"widget\" data-widget_type=\"text-editor.default\">\n\t\t\t\t<div class=\"elementor-widget-container\">\n\t\t\t\t\t\t\t\t\t<p class=\"\" data-start=\"584\" data-end=\"913\">Ein Chef-Koch, ein Fu\u00dfball und Sterne in den Augen \u2013 so w\u00fcrde der (inzwischen ehemalige) Zivildiener Erik Schellenberger seine Zeit im Herzst\u00fcck81 in Ilz beschreiben. Der leidenschaftliche Fu\u00dfballer hat dort als Zivildiener viel erlebt: sei es bei den t\u00e4glichen Routine-Aufgaben gemeinsam mit Menschen mit Behinderung, im &#8220;Au\u00dfeneinsatz&#8221; bei verschiedenen Kooperationen oder auch bei der Organisation vom inklusiven Fu\u00dfball-Turnier.<\/p><p data-start=\"584\" data-end=\"913\">\u00a0<\/p><p class=\"\" data-start=\"1227\" data-end=\"1309\">\ud83c\udfa5 <b>Jetzt gleich das Video ansehen:<\/b><\/p>\t\t\t\t\t\t\t\t<\/div>\n\t\t\t\t<\/div>\n\t\t\t\t<div class=\"elementor-element elementor-element-b3b0829 elementor-widget__width-initial elementor-widget elementor-widget-video\" data-id=\"b3b0829\" data-element_type=\"widget\" data-settings=\"{&quot;video_type&quot;:&quot;hosted&quot;,&quot;controls&quot;:&quot;yes&quot;}\" data-widget_type=\"video.default\">\n\t\t\t\t<div class=\"elementor-widget-container\">\n\t\t\t\t\t\t\t<div class=\"e-hosted-video elementor-wrapper elementor-open-inline\">\n\t\t\t\t\t<video class=\"elementor-video\" src=\"https:\/\/lebenshilfe-stmk.at\/wp-content\/uploads\/2025\/08\/Zivi-Erik.mp4\" controls=\"\" preload=\"metadata\" controlsList=\"nodownload\"><\/video>\n\t\t\t\t<\/div>\n\t\t\t\t\t\t<\/div>\n\t\t\t\t<\/div>\n\t\t\t\t<div class=\"elementor-element elementor-element-263f197 elementor-widget elementor-widget-text-editor\" data-id=\"263f197\" data-element_type=\"widget\" data-widget_type=\"text-editor.default\">\n\t\t\t\t<div class=\"elementor-widget-container\">\n\t\t\t\t\t\t\t\t\t<p class=\"\" data-start=\"584\" data-end=\"913\">Willst auch du Sterne in den Augen?<br \/><a href=\"https:\/\/www.zivildienst.gv.at\/zivildienst-stellen\/platzangebot.html#\/?bundesland=STYRIA&amp;spaetestens=2026-12-01&amp;einrichtungen=freiePlaetze&amp;nameEinrichtung=Lebenshilfe+Steiermark&amp;entriesPerPage=10\" target=\"_blank\" rel=\"noopener\"><strong>HIER<\/strong><\/a> findest du alle freien Zivildienst-Stellen bei uns!<\/p>\t\t\t\t\t\t\t\t<\/div>\n\t\t\t\t<\/div>\n\t\t\t\t\t<\/div>\n\t\t\t\t<\/div>\n\t\t\t\t<\/div>\n\t\t","protected":false},"excerpt":{"rendered":"<p>\u201eDie Erlebnisse bleiben f\u00fcr immer\u201c Erik Schellenberger hat seinen Zivildienst im Herzst\u00fcck81 in Ilz geleistet, einer\u00a0Einsatzstelle der Lebenshilfe F\u00fcrstenfeld. Wir haben ihn gefragt, wie er seine Zeit mit drei Emojis beschreiben w\u00fcrde. Ein Chef-Koch, ein Fu\u00dfball und Sterne in den Augen \u2013 so w\u00fcrde der (inzwischen ehemalige) Zivildiener Erik Schellenberger seine Zeit im Herzst\u00fcck81 in [&hellip;]<\/p>\n","protected":false},"author":2,"featured_media":3654,"comment_status":"closed","ping_status":"closed","sticky":false,"template":"elementor_header_footer","format":"standard","meta":{"_acf_changed":false,"inline_featured_image":false,"footnotes":""},"categories":[12],"tags":[],"class_list":["post-3652","post","type-post","status-publish","format-standard","has-post-thumbnail","hentry","category-zivildienst"],"acf":[],"_links":{"self":[{"href":"https:\/\/lebenshilfe-stmk.at\/ll\/wp-json\/wp\/v2\/posts\/3652","targetHints":{"allow":["GET"]}}],"collection":[{"href":"https:\/\/lebenshilfe-stmk.at\/ll\/wp-json\/wp\/v2\/posts"}],"about":[{"href":"https:\/\/lebenshilfe-stmk.at\/ll\/wp-json\/wp\/v2\/types\/post"}],"author":[{"embeddable":true,"href":"https:\/\/lebenshilfe-stmk.at\/ll\/wp-json\/wp\/v2\/users\/2"}],"replies":[{"embeddable":true,"href":"https:\/\/lebenshilfe-stmk.at\/ll\/wp-json\/wp\/v2\/comments?post=3652"}],"version-history":[{"count":5,"href":"https:\/\/lebenshilfe-stmk.at\/ll\/wp-json\/wp\/v2\/posts\/3652\/revisions"}],"predecessor-version":[{"id":3661,"href":"https:\/\/lebenshilfe-stmk.at\/ll\/wp-json\/wp\/v2\/posts\/3652\/revisions\/3661"}],"wp:featuredmedia":[{"embeddable":true,"href":"https:\/\/lebenshilfe-stmk.at\/ll\/wp-json\/wp\/v2\/media\/3654"}],"wp:attachment":[{"href":"https:\/\/lebenshilfe-stmk.at\/ll\/wp-json\/wp\/v2\/media?parent=3652"}],"wp:term":[{"taxonomy":"category","embeddable":true,"href":"https:\/\/lebenshilfe-stmk.at\/ll\/wp-json\/wp\/v2\/categories?post=3652"},{"taxonomy":"post_tag","embeddable":true,"href":"https:\/\/lebenshilfe-stmk.at\/ll\/wp-json\/wp\/v2\/tags?post=3652"}],"curies":[{"name":"wp","href":"https:\/\/api.w.org\/{rel}","templated":true}]}}