{"id":3253,"date":"2025-04-30T13:01:04","date_gmt":"2025-04-30T11:01:04","guid":{"rendered":"https:\/\/lebenshilfe-stmk.at\/?p=3253"},"modified":"2025-05-05T13:23:39","modified_gmt":"2025-05-05T11:23:39","slug":"5-mai-inklusive-gesundheit","status":"publish","type":"post","link":"https:\/\/lebenshilfe-stmk.at\/ll\/5-mai-inklusive-gesundheit\/","title":{"rendered":"5. Mai: Inklusive Gesundheit"},"content":{"rendered":"\t\t<div data-elementor-type=\"wp-post\" data-elementor-id=\"3253\" class=\"elementor elementor-3253\" data-elementor-post-type=\"post\">\n\t\t\t\t<div class=\"elementor-element elementor-element-4606ae5 e-flex e-con-boxed e-con e-parent\" data-id=\"4606ae5\" data-element_type=\"container\">\n\t\t\t\t\t<div class=\"e-con-inner\">\n\t\t\t\t<div class=\"elementor-element elementor-element-c15afad elementor-widget elementor-widget-heading\" data-id=\"c15afad\" data-element_type=\"widget\" data-widget_type=\"heading.default\">\n\t\t\t\t<div class=\"elementor-widget-container\">\n\t\t\t\t\t<h1 class=\"elementor-heading-title elementor-size-default\">\"Bei \u00c4rzt*innen muss ich mein Problem immer beweisen\"<\/h1>\t\t\t\t<\/div>\n\t\t\t\t<\/div>\n\t\t\t\t<div class=\"elementor-element elementor-element-2397d54 elementor-widget elementor-widget-text-editor\" data-id=\"2397d54\" data-element_type=\"widget\" data-widget_type=\"text-editor.default\">\n\t\t\t\t<div class=\"elementor-widget-container\">\n\t\t\t\t\t\t\t\t\t<p><strong>Wenn das Gesundheitssystem zur Barriere wird: Menschen mit Behinderung und ihre Angeh\u00f6rigen haben im Gesundheitssystem mit b\u00fcrokratischen H\u00fcrden, strukturellen Benachteiligungen und Vorurteilen zu k\u00e4mpfen.<\/strong><\/p>\t\t\t\t\t\t\t\t<\/div>\n\t\t\t\t<\/div>\n\t\t\t\t<div class=\"elementor-element elementor-element-54b8c52 elementor-widget elementor-widget-text-editor\" data-id=\"54b8c52\" data-element_type=\"widget\" data-widget_type=\"text-editor.default\">\n\t\t\t\t<div class=\"elementor-widget-container\">\n\t\t\t\t\t\t\t\t\t<p>\u201eBei \u00c4rzt*innen muss ich mein Problem immer beweisen\u201c: Dieser Satz bringt auf den Punkt, was viele Menschen mit Behinderung tagt\u00e4glich erleben. Misstrauen, Zweifel und ein System, das ihnen nicht auf Augenh\u00f6he begegnet. Dabei hat \u00d6sterreich mit der UN-Behindertenrechtskonvention l\u00e4ngst anerkannt, dass allen Menschen das h\u00f6chstm\u00f6gliche Ma\u00df an Gesundheit zusteht \u2013 ohne Diskriminierung. Die Realit\u00e4t sieht anders aus.<\/p><p>\u00a0<\/p><p><strong>Nicole Braunstein<\/strong>, eine engagierte Selbstvertreterin aus Trofaiach, berichtet von genau<a href=\"https:\/\/www.kleinezeitung.at\/steiermark\/19448414\/steirisches-gesundheitsangebot-birgt-stolpersteine-fuer-menschen-mit\" target=\"_blank\" rel=\"noopener\"> diesen Erfahrungen<\/a>: \u201eIch erlebe so oft, wie mein Gesundheitszustand und die Medikamente, die ich einnehmen soll, mit meiner Begleitperson besprochen werden, statt mit mir, obwohl meine Behinderung nichts mit meinen kognitiven F\u00e4higkeiten zu tun hat. Das beginnt schon dabei, dass man mit mir sofort per Du und mit meiner Begleitperson per Sie ist \u2013 durch die Sprache f\u00fchlt man sich schon geringgesch\u00e4tzt.\u201c<\/p><blockquote><p><em>&#8220;Und wenn man das Gef\u00fchl \u00e4u\u00dfert, dass etwas aufgrund von Nebenwirkungen nicht passt, wird man nicht nur aufgrund des Geschlechts, sondern auch aufgrund der Behinderung noch weniger ernst genommen.&#8221;<\/em><\/p><\/blockquote><p>In \u00e4rztlichen Praxen hat Braunstein immer wieder das Gef\u00fchl, ihr Problem \u201ebeweisen\u201c zu m\u00fcssen. Beschwerden oder Nebenwirkungen von Medikamenten w\u00fcrden auf ihre Behinderung geschoben und somit abgetan werden.<\/p><p>\u00a0<\/p><p><strong>Ein Rollstuhl, der nicht passt<\/strong><\/p><p>Ein weiteres Problem: Antr\u00e4ge ziehen sich oft in die L\u00e4nge. Nicole Braunstein ist seit ihrer Kindheit auf einen Rollstuhl angewiesen. Als ihr Rollstuhl kaputtging, stellte sie einen Antrag auf einen neuen. Doch die Bewilligung zog sich in die L\u00e4nge \u2013 mit der Begr\u00fcndung, ihr Zustand k\u00f6nne sich ja \u201everbessern\u201c. Eine absurde Annahme, denn ihre Mobilit\u00e4tssituation ist seit Jahren unver\u00e4ndert. In der Zwischenzeit erhielt sie einen \u00dcbergangsrollstuhl, der ihr jedoch nicht richtig passte und sich schlecht bedienen lie\u00df.<\/p><p>\u00a0<\/p><p><strong>Angeh\u00f6rige im B\u00fcrokratie-Dschungel<\/strong><\/p><p>Nicht nur Menschen mit Behinderung selbst, <strong>auch ihre Angeh\u00f6rigen sind von zus\u00e4tzlichen H\u00fcrden betroffen<\/strong>. Sandra Rinofner, Mutter eines Sohnes mit Behinderung, sieht sich immer wieder mit B\u00fcrokratie konfrontiert. Beispielsweise muss sie alle drei Wochen eine neue Bewilligung f\u00fcr die Medikamente ihres Sohnes beim Chefarzt einholen. Ein Zusatzaufwand, der sich zu den ohnehin zahlreichen Aufgaben einer pflegenden Mutter addiert.<\/p><p>&#8220;Es gibt zus\u00e4tzliche Herausforderungen, die uns auferlegt werden&#8221;, sagt Rinofner. Sie spricht aus eigener Erfahrung und weist ebenfalls darauf hin, dass viele Antr\u00e4ge immer wieder neu gestellt oder verl\u00e4ngert werden m\u00fcssen \u2013 selbst wenn sich an der gesundheitlichen Situation nichts ge\u00e4ndert hat.<\/p><p>\u00a0<\/p><p><strong>Strukturelle Probleme statt individueller Fehler<\/strong><\/p><p>Strukturelle Schw\u00e4chen des \u00f6sterreichischen Gesundheitssystems machen es gerade f\u00fcr Menschen mit Behinderung schwer, Zugang zu angemessener Versorgung zu bekommen:<\/p><p>\u00a0<\/p><ul><li>Immer weniger Kassen\u00e4rzt*innen und fehlende Grundversorgung<\/li><li>Ein deutliches Stadt-Land-Gef\u00e4lle<\/li><li>Unzureichende Barrierefreiheit in Praxen und Ambulanzen<\/li><li>Mangelnde Sensibilisierung und unzureichende Ausbildung von medizinischem Personal im Umgang mit Menschen mit Behinderung<\/li><li>Kaum Aufkl\u00e4rung und Beratung in leichter Sprache<\/li><\/ul><p><strong>\u00a0<\/strong><\/p><p><strong>Forderungen f\u00fcr ein inklusives Gesundheitssystem<\/strong><\/p><p>Die Lebenshilfe Steiermark fordert:<\/p><p>\u00a0<\/p><ol><li><strong>Barrierefreiheit<\/strong>: Wir fordern Barrierefreiheit in allen Gesundheitseinrichtungen! Nicht nur r\u00e4umlich, sondern auch bei Informationen.<\/li><li><strong>Sensibilisierte Ausbildung<\/strong>: Medizinisches Personal muss f\u00fcr den Umgang mit Menschen mit Behinderung gut ausgebildet und sensibilisiert sein.<\/li><li><strong>Datenbasis schaffen<\/strong>: Menschen mit Behinderung m\u00fcssen in medizinische Studien einbezogen werden, um diskriminierungsfreie und wirksame Behandlungen zu entwickeln.<\/li><\/ol><p>\u00a0<\/p><p><strong>Fazit: Medizin muss die Vielfalt menschlicher K\u00f6rper ernst nehmen<\/strong><\/p><p>So unterschiedlich unsere Gesellschaft ist, so unterschiedlich sind auch unsere K\u00f6rper. Ein inklusives Gesundheitssystem muss diese Vielfalt abbilden \u2013 durch mehr Teilhabe, weniger B\u00fcrokratie und einen strukturellen Wandel hin zu echter Inklusion. <strong>In \u00d6sterreich leben rund 760.000 Menschen<\/strong> mit registrierter Behinderung, in der Steiermark etwa 128.120. Obwohl \u2013 diese Angaben sind ohne Gew\u00e4hr und schwanken je nach Erhebung stark. Denn verl\u00e4ssliche statistische Daten sind nicht ausreichend vorhanden \u2013 und genau das erschwert Sichtbarkeit und gezielte Unterst\u00fctzung. Es ist h\u00f6chste Zeit, dass Menschen mit Behinderung nicht l\u00e4nger beweisen m\u00fcssen, dass sie dazugeh\u00f6ren.<\/p>\t\t\t\t\t\t\t\t<\/div>\n\t\t\t\t<\/div>\n\t\t\t\t\t<\/div>\n\t\t\t\t<\/div>\n\t\t<div class=\"elementor-element elementor-element-f41f4df e-flex e-con-boxed e-con e-parent\" data-id=\"f41f4df\" data-element_type=\"container\">\n\t\t\t\t\t<div class=\"e-con-inner\">\n\t\t\t\t<div class=\"elementor-element elementor-element-6af038f elementor-widget elementor-widget-gallery\" data-id=\"6af038f\" data-element_type=\"widget\" data-settings=\"{&quot;lazyload&quot;:&quot;yes&quot;,&quot;gallery_layout&quot;:&quot;grid&quot;,&quot;columns&quot;:4,&quot;columns_tablet&quot;:2,&quot;columns_mobile&quot;:1,&quot;gap&quot;:{&quot;unit&quot;:&quot;px&quot;,&quot;size&quot;:10,&quot;sizes&quot;:[]},&quot;gap_tablet&quot;:{&quot;unit&quot;:&quot;px&quot;,&quot;size&quot;:10,&quot;sizes&quot;:[]},&quot;gap_mobile&quot;:{&quot;unit&quot;:&quot;px&quot;,&quot;size&quot;:10,&quot;sizes&quot;:[]},&quot;link_to&quot;:&quot;file&quot;,&quot;aspect_ratio&quot;:&quot;3:2&quot;,&quot;overlay_background&quot;:&quot;yes&quot;,&quot;content_hover_animation&quot;:&quot;fade-in&quot;}\" data-widget_type=\"gallery.default\">\n\t\t\t\t<div class=\"elementor-widget-container\">\n\t\t\t\t\t\t\t<div class=\"elementor-gallery__container\">\n\t\t\t\t\t\t\t<a class=\"e-gallery-item elementor-gallery-item elementor-animated-content\" href=\"https:\/\/lebenshilfe-stmk.at\/wp-content\/uploads\/2025\/04\/4.jpg\" data-elementor-open-lightbox=\"yes\" data-elementor-lightbox-slideshow=\"6af038f\" data-elementor-lightbox-title=\"4\" data-e-action-hash=\"#elementor-action%3Aaction%3Dlightbox%26settings%3DeyJpZCI6MzMxMywidXJsIjoiaHR0cHM6XC9cL2xlYmVuc2hpbGZlLXN0bWsuYXRcL3dwLWNvbnRlbnRcL3VwbG9hZHNcLzIwMjVcLzA0XC80LmpwZyIsInNsaWRlc2hvdyI6IjZhZjAzOGYifQ%3D%3D\">\n\t\t\t\t\t<div class=\"e-gallery-image elementor-gallery-item__image\" data-thumbnail=\"https:\/\/lebenshilfe-stmk.at\/wp-content\/uploads\/2025\/04\/4-300x189.jpg\" data-width=\"300\" data-height=\"189\" aria-label=\"\" role=\"img\" ><\/div>\n\t\t\t\t\t\t\t\t\t\t\t<div class=\"elementor-gallery-item__overlay\"><\/div>\n\t\t\t\t\t\t\t\t\t\t\t\t\t\t<\/a>\n\t\t\t\t\t\t\t<a class=\"e-gallery-item elementor-gallery-item elementor-animated-content\" href=\"https:\/\/lebenshilfe-stmk.at\/wp-content\/uploads\/2025\/04\/5.jpg\" data-elementor-open-lightbox=\"yes\" data-elementor-lightbox-slideshow=\"6af038f\" data-elementor-lightbox-title=\"5\" data-e-action-hash=\"#elementor-action%3Aaction%3Dlightbox%26settings%3DeyJpZCI6MzMxNSwidXJsIjoiaHR0cHM6XC9cL2xlYmVuc2hpbGZlLXN0bWsuYXRcL3dwLWNvbnRlbnRcL3VwbG9hZHNcLzIwMjVcLzA0XC81LmpwZyIsInNsaWRlc2hvdyI6IjZhZjAzOGYifQ%3D%3D\">\n\t\t\t\t\t<div class=\"e-gallery-image elementor-gallery-item__image\" data-thumbnail=\"https:\/\/lebenshilfe-stmk.at\/wp-content\/uploads\/2025\/04\/5-300x189.jpg\" data-width=\"300\" data-height=\"189\" aria-label=\"\" role=\"img\" ><\/div>\n\t\t\t\t\t\t\t\t\t\t\t<div class=\"elementor-gallery-item__overlay\"><\/div>\n\t\t\t\t\t\t\t\t\t\t\t\t\t\t<\/a>\n\t\t\t\t\t\t\t<a class=\"e-gallery-item elementor-gallery-item elementor-animated-content\" href=\"https:\/\/lebenshilfe-stmk.at\/wp-content\/uploads\/2025\/04\/6.jpg\" data-elementor-open-lightbox=\"yes\" data-elementor-lightbox-slideshow=\"6af038f\" data-elementor-lightbox-title=\"6\" data-e-action-hash=\"#elementor-action%3Aaction%3Dlightbox%26settings%3DeyJpZCI6MzMxNywidXJsIjoiaHR0cHM6XC9cL2xlYmVuc2hpbGZlLXN0bWsuYXRcL3dwLWNvbnRlbnRcL3VwbG9hZHNcLzIwMjVcLzA0XC82LmpwZyIsInNsaWRlc2hvdyI6IjZhZjAzOGYifQ%3D%3D\">\n\t\t\t\t\t<div class=\"e-gallery-image elementor-gallery-item__image\" data-thumbnail=\"https:\/\/lebenshilfe-stmk.at\/wp-content\/uploads\/2025\/04\/6-300x189.jpg\" data-width=\"300\" data-height=\"189\" aria-label=\"\" role=\"img\" ><\/div>\n\t\t\t\t\t\t\t\t\t\t\t<div class=\"elementor-gallery-item__overlay\"><\/div>\n\t\t\t\t\t\t\t\t\t\t\t\t\t\t<\/a>\n\t\t\t\t\t<\/div>\n\t\t\t\t\t<\/div>\n\t\t\t\t<\/div>\n\t\t\t\t\t<\/div>\n\t\t\t\t<\/div>\n\t\t\t\t<\/div>\n\t\t","protected":false},"excerpt":{"rendered":"<p>&#8220;Bei \u00c4rzt*innen muss ich mein Problem immer beweisen&#8221; Wenn das Gesundheitssystem zur Barriere wird: Menschen mit Behinderung und ihre Angeh\u00f6rigen haben im Gesundheitssystem mit b\u00fcrokratischen H\u00fcrden, strukturellen Benachteiligungen und Vorurteilen zu k\u00e4mpfen. \u201eBei \u00c4rzt*innen muss ich mein Problem immer beweisen\u201c: Dieser Satz bringt auf den Punkt, was viele Menschen mit Behinderung tagt\u00e4glich erleben. Misstrauen, Zweifel [&hellip;]<\/p>\n","protected":false},"author":2,"featured_media":3347,"comment_status":"closed","ping_status":"closed","sticky":false,"template":"elementor_header_footer","format":"standard","meta":{"_acf_changed":false,"inline_featured_image":false,"footnotes":""},"categories":[38,17,25,18,15],"tags":[],"class_list":["post-3253","post","type-post","status-publish","format-standard","has-post-thumbnail","hentry","category-gesundheit","category-interessenspolitik","category-lebens-magazin","category-selbstbestimmung","category-un-behindertenrechtskonvention"],"acf":[],"_links":{"self":[{"href":"https:\/\/lebenshilfe-stmk.at\/ll\/wp-json\/wp\/v2\/posts\/3253","targetHints":{"allow":["GET"]}}],"collection":[{"href":"https:\/\/lebenshilfe-stmk.at\/ll\/wp-json\/wp\/v2\/posts"}],"about":[{"href":"https:\/\/lebenshilfe-stmk.at\/ll\/wp-json\/wp\/v2\/types\/post"}],"author":[{"embeddable":true,"href":"https:\/\/lebenshilfe-stmk.at\/ll\/wp-json\/wp\/v2\/users\/2"}],"replies":[{"embeddable":true,"href":"https:\/\/lebenshilfe-stmk.at\/ll\/wp-json\/wp\/v2\/comments?post=3253"}],"version-history":[{"count":13,"href":"https:\/\/lebenshilfe-stmk.at\/ll\/wp-json\/wp\/v2\/posts\/3253\/revisions"}],"predecessor-version":[{"id":3349,"href":"https:\/\/lebenshilfe-stmk.at\/ll\/wp-json\/wp\/v2\/posts\/3253\/revisions\/3349"}],"wp:featuredmedia":[{"embeddable":true,"href":"https:\/\/lebenshilfe-stmk.at\/ll\/wp-json\/wp\/v2\/media\/3347"}],"wp:attachment":[{"href":"https:\/\/lebenshilfe-stmk.at\/ll\/wp-json\/wp\/v2\/media?parent=3253"}],"wp:term":[{"taxonomy":"category","embeddable":true,"href":"https:\/\/lebenshilfe-stmk.at\/ll\/wp-json\/wp\/v2\/categories?post=3253"},{"taxonomy":"post_tag","embeddable":true,"href":"https:\/\/lebenshilfe-stmk.at\/ll\/wp-json\/wp\/v2\/tags?post=3253"}],"curies":[{"name":"wp","href":"https:\/\/api.w.org\/{rel}","templated":true}]}}