{"id":3123,"date":"2025-03-03T11:43:11","date_gmt":"2025-03-03T10:43:11","guid":{"rendered":"https:\/\/lebenshilfe-stmk.at\/?p=3123"},"modified":"2025-04-28T10:03:17","modified_gmt":"2025-04-28T08:03:17","slug":"weltfrauentag-2025","status":"publish","type":"post","link":"https:\/\/lebenshilfe-stmk.at\/ll\/weltfrauentag-2025\/","title":{"rendered":"Zum Weltfrauentag gefordert: Gesundheit ohne H\u00fcrden"},"content":{"rendered":"\t\t<div data-elementor-type=\"wp-post\" data-elementor-id=\"3123\" class=\"elementor elementor-3123\" data-elementor-post-type=\"post\">\n\t\t\t\t<div class=\"elementor-element elementor-element-87bcd9d e-flex e-con-boxed e-con e-parent\" data-id=\"87bcd9d\" data-element_type=\"container\">\n\t\t\t\t\t<div class=\"e-con-inner\">\n\t\t<div class=\"elementor-element elementor-element-90aa95b e-con-full e-flex e-con e-child\" data-id=\"90aa95b\" data-element_type=\"container\" data-settings=\"{&quot;background_background&quot;:&quot;classic&quot;}\">\n\t\t\t\t<div class=\"elementor-element elementor-element-0941965 elementor-widget elementor-widget-image\" data-id=\"0941965\" data-element_type=\"widget\" data-widget_type=\"image.default\">\n\t\t\t\t<div class=\"elementor-widget-container\">\n\t\t\t\t\t\t\t\t\t\t\t\t\t\t\t<img fetchpriority=\"high\" decoding=\"async\" width=\"750\" height=\"750\" src=\"https:\/\/lebenshilfe-stmk.at\/wp-content\/uploads\/2025\/03\/Gesundheit.jpg\" class=\"attachment-large size-large wp-image-3124\" alt=\"\" srcset=\"https:\/\/lebenshilfe-stmk.at\/wp-content\/uploads\/2025\/03\/Gesundheit.jpg 750w, https:\/\/lebenshilfe-stmk.at\/wp-content\/uploads\/2025\/03\/Gesundheit-300x300.jpg 300w, https:\/\/lebenshilfe-stmk.at\/wp-content\/uploads\/2025\/03\/Gesundheit-150x150.jpg 150w\" sizes=\"(max-width: 750px) 100vw, 750px\" \/>\t\t\t\t\t\t\t\t\t\t\t\t\t\t\t<\/div>\n\t\t\t\t<\/div>\n\t\t\t\t<\/div>\n\t\t<div class=\"elementor-element elementor-element-23d5946 e-con-full e-flex e-con e-child\" data-id=\"23d5946\" data-element_type=\"container\">\n\t\t\t\t<div class=\"elementor-element elementor-element-fc22109 elementor-widget elementor-widget-heading\" data-id=\"fc22109\" data-element_type=\"widget\" data-widget_type=\"heading.default\">\n\t\t\t\t<div class=\"elementor-widget-container\">\n\t\t\t\t\t<h1 class=\"elementor-heading-title elementor-size-default\">Gleichberechtigter Zugang zu Gesundheitsangeboten f\u00fcr Frauen mit Behinderung gefordert<\/h1>\t\t\t\t<\/div>\n\t\t\t\t<\/div>\n\t\t\t\t<div class=\"elementor-element elementor-element-9d12be8 elementor-widget elementor-widget-text-editor\" data-id=\"9d12be8\" data-element_type=\"widget\" data-widget_type=\"text-editor.default\">\n\t\t\t\t<div class=\"elementor-widget-container\">\n\t\t\t\t\t\t\t\t\t<p>Gesundheit ohne H\u00fcrden<\/p>\t\t\t\t\t\t\t\t<\/div>\n\t\t\t\t<\/div>\n\t\t\t\t<\/div>\n\t\t\t\t\t<\/div>\n\t\t\t\t<\/div>\n\t\t<div class=\"elementor-element elementor-element-4606ae5 e-flex e-con-boxed e-con e-parent\" data-id=\"4606ae5\" data-element_type=\"container\">\n\t\t\t\t\t<div class=\"e-con-inner\">\n\t\t\t\t<div class=\"elementor-element elementor-element-1288e1a elementor-widget elementor-widget-text-editor\" data-id=\"1288e1a\" data-element_type=\"widget\" data-widget_type=\"text-editor.default\">\n\t\t\t\t<div class=\"elementor-widget-container\">\n\t\t\t\t\t\t\t\t\t<p><i>Graz, 03.03.2025<\/i><\/p><p><i>\u00a0<\/i><\/p><p><strong>Anl\u00e4sslich des Weltfrauentags am 8. M\u00e4rz 2025 fordert die Lebenshilfe Steiermark verst\u00e4rkte Bem\u00fchungen f\u00fcr einen gleichberechtigten Zugang zu Gesundheitsangeboten f\u00fcr Frauen mit Behinderung. Denn gerade sie stehen oft vor gro\u00dfen Hindernissen, wenn es um Pr\u00e4vention, medizinische Versorgung und spezialisierte Behandlungen geht. Die H\u00fcrden reichen von mangelnder Barrierefreiheit in \u00e4rztlichen Praxen \u00fcber fehlendes Bewusstsein f\u00fcr ihre Bed\u00fcrfnisse bis hin zu strukturellen Benachteiligungen im Gesundheitssystem<\/strong><strong>.<\/strong><\/p><p>\u00a0<\/p><p>Ein Beispiel f\u00fcr die besonderen H\u00fcrden, mit denen Frauen mit Behinderung konfrontiert sind, ist die Situation von Frauen im Autismus-Spektrum: \u201eFrauen mit Autismus k\u00f6nnen in vielerlei Hinsicht unterschiedliche Erfahrungen machen als M\u00e4nner mit derselben Diagnose\u201c, erkl\u00e4rt Rebecca Painold, Leiterin des Autismuszentrums der Lebenshilfe Judenburg. \u201eFrauen neigen beispielsweise dazu, dass sie soziale Normen besser imitieren und in sozialen Situationen besser \u201afunktionieren\u2018. Das kann dazu f\u00fchren, dass ihre Autismus-Diagnose sp\u00e4ter oder gar nicht erkannt wird.\u201c Der Hilfebedarf von Frauen im Autismus-Spektrum ist aber der gleiche \u2013 obwohl er h\u00e4ufig untersch\u00e4tzt wird.<\/p><p>\u00a0<\/p><p><strong>Lebenshilfe Steiermark fordert umfassende Verbesserungen<\/strong><\/p><p>\u00a0<\/p><p>Sandra Walla-Trippl, Generalsekret\u00e4rin der Lebenshilfe Steiermark, betont: \u201eGesundheit ist ein Menschenrecht, das allen zusteht. Frauen mit Behinderung m\u00fcssen die M\u00f6glichkeit haben, selbstbestimmt und gleichberechtigt Gesundheitsleistungen in Anspruch zu nehmen.\u201c Damit das m\u00f6glich ist, braucht es die vollst\u00e4ndige Barrierefreiheit von medizinischen Einrichtungen, speziell geschultes Fachpersonal und Angebote, die auf Frauen mit unterschiedlichen Behinderungen zugeschnitten sind.<\/p><p>Die Herausforderungen sind vielf\u00e4ltig, wie Walla-Trippl best\u00e4tigt: \u201eFrauen mit Behinderung haben oft nicht die gleichen M\u00f6glichkeiten bei der Gesundheitsvorsorge. Es gibt zum Beispiel zu wenige gyn\u00e4kologische Praxen mit barrierefreier Ausstattung oder Personal, das f\u00fcr die Bed\u00fcrfnisse von Frauen mit Lernschwierigkeiten sensibilisiert ist.\u201c <\/p><p>Au\u00dferdem, so fordert Sandra Walla-Trippl, m\u00fcsse auch die psychische Gesundheit von Frauen mehr in den Fokus ger\u00fcckt werden: \u201eViele Frauen mit Behinderung sind durch strukturelle Benachteiligung einem erh\u00f6hten Stress- und Gesundheitsrisiko ausgesetzt.\u201c<\/p><p>\u00a0<\/p><p>\u00a0<\/p><p><strong>Bewusstseinsbildung und Sensibilisierung gefordert<\/strong><\/p><p>\u00a0<\/p><p>Um die Situation f\u00fcr Frauen mit Behinderung zu verbessern, setzt sich die Lebenshilfe Steiermark f\u00fcr Barrierefreiheit in allen Gesundheitseinrichtungen ein \u2013 nicht nur r\u00e4umlich, sondern auch bei Informationen. Weiters muss medizinisches Personal f\u00fcr den Umgang mit Menschen mit Behinderung gut ausgebildet und sensibilisiert sein.<\/p><p>Parallel zur Presseaussendung startet die Lebenshilfe Steiermark in der Woche des Weltfrauentags eine Social-Media-Kampagne, um auf die Lebensrealit\u00e4ten von Frauen mit Behinderung aufmerksam zu machen. Portr\u00e4ts und Fakten beleuchten ihre Herausforderungen, aber auch ihre St\u00e4rken und Forderungen nach echter Gleichstellung.<\/p><p>\u00a0<\/p><p><a href=\"https:\/\/www.facebook.com\/Lebenshilfe.Steiermark\/\">https:\/\/www.facebook.com\/Lebenshilfe.Steiermark\/<\/a><\/p><p><a href=\"https:\/\/www.instagram.com\/lebenshilfesteiermark\/\">https:\/\/www.instagram.com\/lebenshilfesteiermark\/<\/a><\/p><p>\u00a0<\/p>\t\t\t\t\t\t\t\t<\/div>\n\t\t\t\t<\/div>\n\t\t\t\t\t<\/div>\n\t\t\t\t<\/div>\n\t\t<div class=\"elementor-element elementor-element-48df879 e-flex e-con-boxed e-con e-parent\" data-id=\"48df879\" data-element_type=\"container\">\n\t\t\t\t\t<div class=\"e-con-inner\">\n\t\t<div class=\"elementor-element elementor-element-8ba52a9 e-con-full e-flex e-con e-child\" data-id=\"8ba52a9\" data-element_type=\"container\">\n\t\t\t\t<div class=\"elementor-element elementor-element-758d69e elementor-widget elementor-widget-gallery\" data-id=\"758d69e\" data-element_type=\"widget\" data-settings=\"{&quot;columns&quot;:2,&quot;lazyload&quot;:&quot;yes&quot;,&quot;gallery_layout&quot;:&quot;grid&quot;,&quot;columns_tablet&quot;:2,&quot;columns_mobile&quot;:1,&quot;gap&quot;:{&quot;unit&quot;:&quot;px&quot;,&quot;size&quot;:10,&quot;sizes&quot;:[]},&quot;gap_tablet&quot;:{&quot;unit&quot;:&quot;px&quot;,&quot;size&quot;:10,&quot;sizes&quot;:[]},&quot;gap_mobile&quot;:{&quot;unit&quot;:&quot;px&quot;,&quot;size&quot;:10,&quot;sizes&quot;:[]},&quot;aspect_ratio&quot;:&quot;3:2&quot;,&quot;content_hover_animation&quot;:&quot;fade-in&quot;}\" data-widget_type=\"gallery.default\">\n\t\t\t\t<div class=\"elementor-widget-container\">\n\t\t\t\t\t\t\t<div class=\"elementor-gallery__container\">\n\t\t\t\t\t\t\t<div class=\"e-gallery-item elementor-gallery-item elementor-animated-content\">\n\t\t\t\t\t<div class=\"e-gallery-image elementor-gallery-item__image\" data-thumbnail=\"https:\/\/lebenshilfe-stmk.at\/wp-content\/uploads\/2025\/03\/Gesundheit-1.jpg\" data-width=\"750\" data-height=\"750\" aria-label=\"\" role=\"img\" ><\/div>\n\t\t\t\t\t\t\t\t\t\t\t\t\t\t<\/div>\n\t\t\t\t\t\t\t<div class=\"e-gallery-item elementor-gallery-item elementor-animated-content\">\n\t\t\t\t\t<div class=\"e-gallery-image elementor-gallery-item__image\" data-thumbnail=\"https:\/\/lebenshilfe-stmk.at\/wp-content\/uploads\/2025\/03\/Rebecca_Painold_cLebenshilfe-Judenburg-scaled.jpg\" data-width=\"1707\" data-height=\"2560\" aria-label=\"\" role=\"img\" ><\/div>\n\t\t\t\t\t\t\t\t\t\t\t\t\t\t<\/div>\n\t\t\t\t\t\t\t<div class=\"e-gallery-item elementor-gallery-item elementor-animated-content\">\n\t\t\t\t\t<div class=\"e-gallery-image elementor-gallery-item__image\" data-thumbnail=\"https:\/\/lebenshilfe-stmk.at\/wp-content\/uploads\/2025\/04\/Design-ohne-Titel-1.jpg\" data-width=\"2000\" data-height=\"1260\" aria-label=\"\" role=\"img\" ><\/div>\n\t\t\t\t\t\t\t\t\t\t\t\t\t\t<\/div>\n\t\t\t\t\t<\/div>\n\t\t\t\t\t<\/div>\n\t\t\t\t<\/div>\n\t\t\t\t<\/div>\n\t\t\t\t\t<\/div>\n\t\t\t\t<\/div>\n\t\t<div class=\"elementor-element elementor-element-1dcb0fb e-grid e-con-boxed e-con e-parent\" data-id=\"1dcb0fb\" data-element_type=\"container\">\n\t\t\t\t\t<div class=\"e-con-inner\">\n\t\t\t\t\t<\/div>\n\t\t\t\t<\/div>\n\t\t\t\t<\/div>\n\t\t","protected":false},"excerpt":{"rendered":"<p>Gleichberechtigter Zugang zu Gesundheitsangeboten f\u00fcr Frauen mit Behinderung gefordert Gesundheit ohne H\u00fcrden Graz, 03.03.2025 \u00a0 Anl\u00e4sslich des Weltfrauentags am 8. M\u00e4rz 2025 fordert die Lebenshilfe Steiermark verst\u00e4rkte Bem\u00fchungen f\u00fcr einen gleichberechtigten Zugang zu Gesundheitsangeboten f\u00fcr Frauen mit Behinderung. Denn gerade sie stehen oft vor gro\u00dfen Hindernissen, wenn es um Pr\u00e4vention, medizinische Versorgung und spezialisierte Behandlungen [&hellip;]<\/p>\n","protected":false},"author":2,"featured_media":3124,"comment_status":"closed","ping_status":"closed","sticky":false,"template":"elementor_header_footer","format":"standard","meta":{"_acf_changed":false,"inline_featured_image":false,"footnotes":""},"categories":[38,17,26,18,15],"tags":[],"class_list":["post-3123","post","type-post","status-publish","format-standard","has-post-thumbnail","hentry","category-gesundheit","category-interessenspolitik","category-presseaussendung","category-selbstbestimmung","category-un-behindertenrechtskonvention"],"acf":[],"_links":{"self":[{"href":"https:\/\/lebenshilfe-stmk.at\/ll\/wp-json\/wp\/v2\/posts\/3123","targetHints":{"allow":["GET"]}}],"collection":[{"href":"https:\/\/lebenshilfe-stmk.at\/ll\/wp-json\/wp\/v2\/posts"}],"about":[{"href":"https:\/\/lebenshilfe-stmk.at\/ll\/wp-json\/wp\/v2\/types\/post"}],"author":[{"embeddable":true,"href":"https:\/\/lebenshilfe-stmk.at\/ll\/wp-json\/wp\/v2\/users\/2"}],"replies":[{"embeddable":true,"href":"https:\/\/lebenshilfe-stmk.at\/ll\/wp-json\/wp\/v2\/comments?post=3123"}],"version-history":[{"count":7,"href":"https:\/\/lebenshilfe-stmk.at\/ll\/wp-json\/wp\/v2\/posts\/3123\/revisions"}],"predecessor-version":[{"id":3282,"href":"https:\/\/lebenshilfe-stmk.at\/ll\/wp-json\/wp\/v2\/posts\/3123\/revisions\/3282"}],"wp:featuredmedia":[{"embeddable":true,"href":"https:\/\/lebenshilfe-stmk.at\/ll\/wp-json\/wp\/v2\/media\/3124"}],"wp:attachment":[{"href":"https:\/\/lebenshilfe-stmk.at\/ll\/wp-json\/wp\/v2\/media?parent=3123"}],"wp:term":[{"taxonomy":"category","embeddable":true,"href":"https:\/\/lebenshilfe-stmk.at\/ll\/wp-json\/wp\/v2\/categories?post=3123"},{"taxonomy":"post_tag","embeddable":true,"href":"https:\/\/lebenshilfe-stmk.at\/ll\/wp-json\/wp\/v2\/tags?post=3123"}],"curies":[{"name":"wp","href":"https:\/\/api.w.org\/{rel}","templated":true}]}}