{"id":3091,"date":"2025-01-09T12:45:23","date_gmt":"2025-01-09T11:45:23","guid":{"rendered":"https:\/\/lebenshilfe-stmk.at\/?p=3091"},"modified":"2025-01-09T12:47:46","modified_gmt":"2025-01-09T11:47:46","slug":"neuerungen-2025","status":"publish","type":"post","link":"https:\/\/lebenshilfe-stmk.at\/ll\/neuerungen-2025\/","title":{"rendered":"Neu im Jahr 2025: Das \u00e4ndert sich rechtlich &#038; finanziell"},"content":{"rendered":"\t\t<div data-elementor-type=\"wp-post\" data-elementor-id=\"3091\" class=\"elementor elementor-3091\" data-elementor-post-type=\"post\">\n\t\t\t\t<div class=\"elementor-element elementor-element-87bcd9d e-flex e-con-boxed e-con e-parent\" data-id=\"87bcd9d\" data-element_type=\"container\">\n\t\t\t\t\t<div class=\"e-con-inner\">\n\t\t<div class=\"elementor-element elementor-element-90aa95b e-con-full e-flex e-con e-child\" data-id=\"90aa95b\" data-element_type=\"container\" data-settings=\"{&quot;background_background&quot;:&quot;classic&quot;}\">\n\t\t\t\t<\/div>\n\t\t<div class=\"elementor-element elementor-element-23d5946 e-con-full e-flex e-con e-child\" data-id=\"23d5946\" data-element_type=\"container\">\n\t\t\t\t<div class=\"elementor-element elementor-element-fc22109 elementor-widget elementor-widget-heading\" data-id=\"fc22109\" data-element_type=\"widget\" data-widget_type=\"heading.default\">\n\t\t\t\t<div class=\"elementor-widget-container\">\n\t\t\t\t\t<h1 class=\"elementor-heading-title elementor-size-default\">Neu im Jahr 2025<\/h1>\t\t\t\t<\/div>\n\t\t\t\t<\/div>\n\t\t\t\t<div class=\"elementor-element elementor-element-9d12be8 elementor-widget elementor-widget-text-editor\" data-id=\"9d12be8\" data-element_type=\"widget\" data-widget_type=\"text-editor.default\">\n\t\t\t\t<div class=\"elementor-widget-container\">\n\t\t\t\t\t\t\t\t\t<p>Das \u00e4ndert sich heuer f\u00fcr Menschen mit Behinderung<\/p>\t\t\t\t\t\t\t\t<\/div>\n\t\t\t\t<\/div>\n\t\t\t\t<\/div>\n\t\t\t\t\t<\/div>\n\t\t\t\t<\/div>\n\t\t<div class=\"elementor-element elementor-element-4606ae5 e-flex e-con-boxed e-con e-parent\" data-id=\"4606ae5\" data-element_type=\"container\">\n\t\t\t\t\t<div class=\"e-con-inner\">\n\t\t\t\t<div class=\"elementor-element elementor-element-1288e1a elementor-widget elementor-widget-text-editor\" data-id=\"1288e1a\" data-element_type=\"widget\" data-widget_type=\"text-editor.default\">\n\t\t\t\t<div class=\"elementor-widget-container\">\n\t\t\t\t\t\t\t\t\t<p><em>Von Theresa Kraschitz<\/em><\/p><p><em>\u00a0<\/em><\/p><p><strong>2025 bringt zahlreiche \u00c4nderungen im Bereich Behinderung mit sich \u2013 sowohl rechtlich als auch finanziell. Wir geben einen \u00dcberblick \u00fcber die wichtigsten Neuerungen, die Menschen mit Behinderung, ihre Familien und ihre Unterst\u00fctzer*innen betreffen.<\/strong><\/p><h4><span style=\"color: #20a74b;\"><strong>Gesetzliche Neuerungen 2025<\/strong><\/span><\/h4><ul><li><strong>Barrierefreiheitsgesetz<br \/><\/strong>&#8211; Seit 1. J\u00e4nner 2025 m\u00fcssen Unternehmen mit \u00fcber 400 Mitarbeiter*innen eine*n Beauftragte*n f\u00fcr Barrierefreiheit benennen.<br \/><span style=\"font-size: 12.0pt; line-height: 115%; font-family: 'Aptos',sans-serif; mso-ascii-theme-font: minor-latin; mso-fareast-font-family: Aptos; mso-fareast-theme-font: minor-latin; mso-hansi-theme-font: minor-latin; mso-bidi-font-family: 'Times New Roman'; mso-bidi-theme-font: minor-bidi; mso-ansi-language: DE; mso-fareast-language: EN-US; mso-bidi-language: AR-SA;\">&#8211; Ab 28. Juni 2025 tritt das neue Barrierefreiheitsgesetz in Kraft. Gewisse Produkte und Dienstleistungen, die von Unternehmen angeboten werden, m\u00fcssen dann barrierefrei sein. Zum Beispiel Computer, Mobiltelefone, Geldautomaten oder Fahrkartenautomaten. Oder Apps, Webseiten, Web-Shops oder \u00a0Bankdienstleistungen.<strong> <a href=\"https:\/\/www.wko.at\/sbg\/news\/barrierefreiheit-was-bedeuten-die-gesetzlichen-aenderungen-2027\" target=\"_blank\" rel=\"noopener\">Mehr Informationen dazu hier.<\/a><\/strong><br \/>\u00a0<\/span><\/li><li><strong>Neuregelungen zur pers\u00f6nlichen Assistenz<br \/><\/strong>Die \u00d6sterreichische Gesundheitskasse (\u00d6GK) hat informiert, dass ab 1. J\u00e4nner 2025 keine freien Dienstvertr\u00e4ge f\u00fcr pers\u00f6nliche Assistenz akzeptiert werden.<\/li><\/ul><p><strong>\u00a0<\/strong><\/p><h4><span style=\"color: #20a74b;\"><strong>Finanzielle Unterst\u00fctzung und neue F\u00f6rderm\u00f6glichkeiten<\/strong><\/span><\/h4><ul><li><strong>Neue Richts\u00e4tze f\u00fcr die Hilfe zum Lebensunterhalt 2025<br \/><\/strong>Manche Menschen haben zu wenig Einkommen, um die Dinge zu bezahlen, die sie f\u00fcr ihr Leben brauchen. Diese Menschen bekommen finanzielle Unterst\u00fctzung in Form von \u201eHilfe zum Lebensunterhalt\u201c. Heuer erh\u00f6hen sich diese Richts\u00e4tze.<p><strong><br \/>F\u00fcr Menschen mit Behinderung, die alleine wohnen<\/strong><br \/>&#8211; ohne erh\u00f6hte Familienbeihilfe statt 794,- Euro jetzt<strong> 824,- Euro<\/strong><br \/>&#8211; mit erh\u00f6hter Familienbeihilfe statt 595,- Euro jetzt <strong>616,- Euro<\/strong><br \/><strong><br \/>F\u00fcr Menschen mit Behinderung, die in einer Haushaltsgemeinschaft leben<br \/>(z. B. im Familienverband oder in einer WG)<br \/><\/strong>&#8211; ohne erh\u00f6hte Familienbeihilfe statt 726,- Euro jetzt<strong> 754,- Euro<\/strong><br \/>&#8211; mit erh\u00f6hter Familienbeihilfe statt 527,- Euro jetzt <strong>546,- Euro<\/strong><\/p><p><strong><br \/>F\u00fcr ein Kind mit Behinderung, das in Haushaltsgemeinschaft mit einem Elternteil lebt, der Lebensunterhalt bezieht<\/strong><br \/>&#8211; ohne erh\u00f6hte Familienbeihilfe statt 483,- Euro jetzt<strong> 501,- Euro<\/strong><br \/>&#8211; mit erh\u00f6hter Familienbeihilfe statt 344,- Euro jetzt <strong>357,- Euro<\/strong><\/p><p><br \/>Alleinstehende Unterst\u00fctzte und Hauptunterst\u00fctzte bekommen au\u00dferdem Geld f\u00fcr die Wohnung (\u201e<strong>Vertretbarer Wohnungsaufwand<\/strong>\u201c). Das sind statt 356,- Euro ab jetzt <strong>370,- Euro<\/strong>.<\/p><p><br \/>Im Februar und August bekommt man einen <strong>Beitrag zu den Energiekosten<\/strong>. Das sind 2025 statt 67,- Euro jetzt <strong>70,- Euro.<br \/><br \/><\/strong><\/p><\/li><li><strong>P<\/strong><strong>flegegeld 2025<br \/><\/strong>Das Pflegegeld ist eine finanzielle Unterst\u00fctzung f\u00fcr pflegebed\u00fcrftige Menschen. Das monatliche Pflegegeld wurde mit 1. J\u00e4nner 2025 erh\u00f6ht.<br \/><br \/><p><strong>Stufe\u00a01<\/strong>\u00a0statt 192,- Euro mit\u00a0<strong>200,80\u00a0Euro<\/strong><br \/><strong>Stufe\u00a02<\/strong>\u00a0statt 354,- Euro mit\u00a0<strong>370,30\u00a0Euro<\/strong><br \/><strong>Stufe\u00a03<\/strong>\u00a0statt 551,60 Euro mit\u00a0<strong>577,- Euro<\/strong><br \/><strong>Stufe\u00a04<\/strong>\u00a0statt 827,10 Euro mit\u00a0<strong>865,10 Euro<\/strong><br \/><strong>Stufe\u00a05<\/strong>\u00a0statt 1.123,50 Euro mit\u00a0<strong>1.175,20\u00a0Euro<\/strong><br \/><strong>Stufe\u00a06<\/strong>\u00a0statt 1.568,90 Euro mit\u00a0<strong>1.641,10 Euro<\/strong><br \/><strong>Stufe\u00a07<\/strong>\u00a0statt 2.061,80 Euro mit\u00a0<strong>2.156,60 Euro<br \/><br \/><\/strong><\/p><\/li><li><strong>Erh\u00f6hte Familienbeihilfe 2025<br \/><\/strong>Mit 1. J\u00e4nner 2025 betr\u00e4gt die erh\u00f6hte Familienbeihilfe pro Monat statt 180,90 jetzt<strong><strong> 189,20 Euro.<br \/><br \/><\/strong><\/strong><\/li><li><strong>Geringf\u00fcgigkeitsgrenze 2025<br \/><\/strong>Wer geringf\u00fcgig besch\u00e4ftigt ist, muss keine Sozialversicherungs-Beitr\u00e4ge und keine Lohnsteuer zahlen. Bisher konnte man geringf\u00fcgig 518,44 Euro im Monat verdienen, jetzt sind es<strong>\u00a0551,10 Euro.<\/strong><\/li><\/ul>\t\t\t\t\t\t\t\t<\/div>\n\t\t\t\t<\/div>\n\t\t<div class=\"elementor-element elementor-element-02b01ff e-con-full e-flex e-con e-child\" data-id=\"02b01ff\" data-element_type=\"container\">\n\t\t<div class=\"elementor-element elementor-element-0371abe e-con-full e-flex e-con e-child\" data-id=\"0371abe\" data-element_type=\"container\">\n\t\t\t\t<div class=\"elementor-element elementor-element-6aae4cf elementor-widget__width-initial elementor-widget-mobile__width-inherit elementor-widget elementor-widget-text-editor\" data-id=\"6aae4cf\" data-element_type=\"widget\" data-widget_type=\"text-editor.default\">\n\t\t\t\t<div class=\"elementor-widget-container\">\n\t\t\t\t\t\t\t\t\t<h5><span style=\"color: #20a74b;\"><strong><br \/>Beratung und Unterst\u00fctzung<\/strong><\/span><\/h5><h5>Fragen zu rechtlichen Themen oder Unterst\u00fctzungsm\u00f6glichkeiten?<br \/>Die Lebenshilfe Rechtsberatung ber\u00e4t in s\u00e4mtlichen Belangen rund um das Thema Behinderung. Melden Sie sich bei<\/h5><h5><strong>Mag.a Theresa Kraschitz<br \/><\/strong>Rechtsberaterin\u00a0<\/h5><h5><a href=\"tel:+43%20650%2081%2025%20754\">+43 (0)650 81 25 754<\/a><br \/><a href=\"mailto:theresa.kraschitz@lebenshilfe-steiermark.at\">theresa.kraschitz@lebenshilfe-steiermark.at<\/a><\/h5>\t\t\t\t\t\t\t\t<\/div>\n\t\t\t\t<\/div>\n\t\t\t\t<\/div>\n\t\t<div class=\"elementor-element elementor-element-19d5ead e-con-full e-flex e-con e-child\" data-id=\"19d5ead\" data-element_type=\"container\">\n\t\t\t\t<div class=\"elementor-element elementor-element-fa61e3b elementor-widget elementor-widget-image\" data-id=\"fa61e3b\" data-element_type=\"widget\" data-widget_type=\"image.default\">\n\t\t\t\t<div class=\"elementor-widget-container\">\n\t\t\t\t\t\t\t\t\t\t\t\t\t\t\t<img fetchpriority=\"high\" decoding=\"async\" width=\"732\" height=\"1024\" src=\"https:\/\/lebenshilfe-stmk.at\/wp-content\/uploads\/2024\/03\/Mag-Theresa-Kraschitz-732x1024.jpg\" class=\"attachment-large size-large wp-image-1418\" alt=\"\" srcset=\"https:\/\/lebenshilfe-stmk.at\/wp-content\/uploads\/2024\/03\/Mag-Theresa-Kraschitz-732x1024.jpg 732w, https:\/\/lebenshilfe-stmk.at\/wp-content\/uploads\/2024\/03\/Mag-Theresa-Kraschitz-214x300.jpg 214w, https:\/\/lebenshilfe-stmk.at\/wp-content\/uploads\/2024\/03\/Mag-Theresa-Kraschitz-768x1075.jpg 768w, https:\/\/lebenshilfe-stmk.at\/wp-content\/uploads\/2024\/03\/Mag-Theresa-Kraschitz.jpg 796w\" sizes=\"(max-width: 732px) 100vw, 732px\" \/>\t\t\t\t\t\t\t\t\t\t\t\t\t\t\t<\/div>\n\t\t\t\t<\/div>\n\t\t\t\t<\/div>\n\t\t\t\t<\/div>\n\t\t\t\t\t<\/div>\n\t\t\t\t<\/div>\n\t\t<div class=\"elementor-element elementor-element-b6ef689 e-flex e-con-boxed e-con e-parent\" data-id=\"b6ef689\" data-element_type=\"container\">\n\t\t\t\t\t<div class=\"e-con-inner\">\n\t\t\t\t\t<\/div>\n\t\t\t\t<\/div>\n\t\t\t\t<\/div>\n\t\t","protected":false},"excerpt":{"rendered":"<p>Neu im Jahr 2025 Das \u00e4ndert sich heuer f\u00fcr Menschen mit Behinderung Von Theresa Kraschitz \u00a0 2025 bringt zahlreiche \u00c4nderungen im Bereich Behinderung mit sich \u2013 sowohl rechtlich als auch finanziell. Wir geben einen \u00dcberblick \u00fcber die wichtigsten Neuerungen, die Menschen mit Behinderung, ihre Familien und ihre Unterst\u00fctzer*innen betreffen. Gesetzliche Neuerungen 2025 Barrierefreiheitsgesetz &#8211; Seit [&hellip;]<\/p>\n","protected":false},"author":2,"featured_media":3108,"comment_status":"closed","ping_status":"closed","sticky":false,"template":"elementor_header_footer","format":"standard","meta":{"_acf_changed":false,"inline_featured_image":false,"footnotes":""},"categories":[17,25,13,14,15],"tags":[],"class_list":["post-3091","post","type-post","status-publish","format-standard","has-post-thumbnail","hentry","category-interessenspolitik","category-lebens-magazin","category-rechtsberatung","category-selbstvertretung","category-un-behindertenrechtskonvention"],"acf":[],"_links":{"self":[{"href":"https:\/\/lebenshilfe-stmk.at\/ll\/wp-json\/wp\/v2\/posts\/3091","targetHints":{"allow":["GET"]}}],"collection":[{"href":"https:\/\/lebenshilfe-stmk.at\/ll\/wp-json\/wp\/v2\/posts"}],"about":[{"href":"https:\/\/lebenshilfe-stmk.at\/ll\/wp-json\/wp\/v2\/types\/post"}],"author":[{"embeddable":true,"href":"https:\/\/lebenshilfe-stmk.at\/ll\/wp-json\/wp\/v2\/users\/2"}],"replies":[{"embeddable":true,"href":"https:\/\/lebenshilfe-stmk.at\/ll\/wp-json\/wp\/v2\/comments?post=3091"}],"version-history":[{"count":9,"href":"https:\/\/lebenshilfe-stmk.at\/ll\/wp-json\/wp\/v2\/posts\/3091\/revisions"}],"predecessor-version":[{"id":3114,"href":"https:\/\/lebenshilfe-stmk.at\/ll\/wp-json\/wp\/v2\/posts\/3091\/revisions\/3114"}],"wp:featuredmedia":[{"embeddable":true,"href":"https:\/\/lebenshilfe-stmk.at\/ll\/wp-json\/wp\/v2\/media\/3108"}],"wp:attachment":[{"href":"https:\/\/lebenshilfe-stmk.at\/ll\/wp-json\/wp\/v2\/media?parent=3091"}],"wp:term":[{"taxonomy":"category","embeddable":true,"href":"https:\/\/lebenshilfe-stmk.at\/ll\/wp-json\/wp\/v2\/categories?post=3091"},{"taxonomy":"post_tag","embeddable":true,"href":"https:\/\/lebenshilfe-stmk.at\/ll\/wp-json\/wp\/v2\/tags?post=3091"}],"curies":[{"name":"wp","href":"https:\/\/api.w.org\/{rel}","templated":true}]}}