{"id":1972,"date":"2024-10-07T10:01:01","date_gmt":"2024-10-07T08:01:01","guid":{"rendered":"https:\/\/lebenshilfe-stmk.at\/?p=1972"},"modified":"2024-10-07T11:37:21","modified_gmt":"2024-10-07T09:37:21","slug":"10-jahre-selbstvertretung","status":"publish","type":"post","link":"https:\/\/lebenshilfe-stmk.at\/ll\/10-jahre-selbstvertretung\/","title":{"rendered":"10 Jahre Selbst-Vertretung"},"content":{"rendered":"\t\t<div data-elementor-type=\"wp-post\" data-elementor-id=\"1972\" class=\"elementor elementor-1972\" data-elementor-post-type=\"post\">\n\t\t\t\t<div class=\"elementor-element elementor-element-87bcd9d e-flex e-con-boxed e-con e-parent\" data-id=\"87bcd9d\" data-element_type=\"container\">\n\t\t\t\t\t<div class=\"e-con-inner\">\n\t\t<div class=\"elementor-element elementor-element-90aa95b e-con-full e-flex e-con e-child\" data-id=\"90aa95b\" data-element_type=\"container\" data-settings=\"{&quot;background_background&quot;:&quot;classic&quot;}\">\n\t\t\t\t<\/div>\n\t\t<div class=\"elementor-element elementor-element-23d5946 e-con-full e-flex e-con e-child\" data-id=\"23d5946\" data-element_type=\"container\">\n\t\t\t\t<div class=\"elementor-element elementor-element-fc22109 elementor-widget elementor-widget-heading\" data-id=\"fc22109\" data-element_type=\"widget\" data-widget_type=\"heading.default\">\n\t\t\t\t<div class=\"elementor-widget-container\">\n\t\t\t\t\t<h1 class=\"elementor-heading-title elementor-size-default\">10 Jahre Selbstvertretung<\/h1>\t\t\t\t<\/div>\n\t\t\t\t<\/div>\n\t\t\t\t<div class=\"elementor-element elementor-element-9d12be8 elementor-widget elementor-widget-text-editor\" data-id=\"9d12be8\" data-element_type=\"widget\" data-widget_type=\"text-editor.default\">\n\t\t\t\t<div class=\"elementor-widget-container\">\n\t\t\t\t\t\t\t\t\t<p>Anl\u00e4sslich des 10-j\u00e4hrigen Jubil\u00e4ums der Selbstvertretung der Lebenshilfe Steiermark<\/p>\t\t\t\t\t\t\t\t<\/div>\n\t\t\t\t<\/div>\n\t\t\t\t<\/div>\n\t\t\t\t\t<\/div>\n\t\t\t\t<\/div>\n\t\t<div class=\"elementor-element elementor-element-4606ae5 e-flex e-con-boxed e-con e-parent\" data-id=\"4606ae5\" data-element_type=\"container\">\n\t\t\t\t\t<div class=\"e-con-inner\">\n\t\t<div class=\"elementor-element elementor-element-02b01ff e-flex e-con-boxed e-con e-child\" data-id=\"02b01ff\" data-element_type=\"container\">\n\t\t\t\t\t<div class=\"e-con-inner\">\n\t\t<div class=\"elementor-element elementor-element-0371abe e-con-full e-flex e-con e-child\" data-id=\"0371abe\" data-element_type=\"container\">\n\t\t\t\t<div class=\"elementor-element elementor-element-6aae4cf elementor-widget__width-initial elementor-widget-mobile__width-inherit elementor-widget elementor-widget-text-editor\" data-id=\"6aae4cf\" data-element_type=\"widget\" data-widget_type=\"text-editor.default\">\n\t\t\t\t<div class=\"elementor-widget-container\">\n\t\t\t\t\t\t\t\t\t<p>\u201eEs ist wichtig, dass wir uns selbst f\u00fcr<em> unsere Rechte<\/em> starkmachen. Niemand kann besser f\u00fcr uns sprechen als <em>wir selbst<\/em>.\u201c<\/p>\t\t\t\t\t\t\t\t<\/div>\n\t\t\t\t<\/div>\n\t\t\t\t<div class=\"elementor-element elementor-element-9c8e4e8 elementor-widget elementor-widget-heading\" data-id=\"9c8e4e8\" data-element_type=\"widget\" data-widget_type=\"heading.default\">\n\t\t\t\t<div class=\"elementor-widget-container\">\n\t\t\t\t\t<p class=\"elementor-heading-title elementor-size-default\">Markus Ambroschitz, Selbstvertreter<\/p>\t\t\t\t<\/div>\n\t\t\t\t<\/div>\n\t\t\t\t<\/div>\n\t\t<div class=\"elementor-element elementor-element-19d5ead e-con-full e-flex e-con e-child\" data-id=\"19d5ead\" data-element_type=\"container\">\n\t\t\t\t<div class=\"elementor-element elementor-element-fa61e3b elementor-widget elementor-widget-image\" data-id=\"fa61e3b\" data-element_type=\"widget\" data-widget_type=\"image.default\">\n\t\t\t\t<div class=\"elementor-widget-container\">\n\t\t\t\t\t\t\t\t\t\t\t\t\t\t\t<img fetchpriority=\"high\" decoding=\"async\" width=\"800\" height=\"534\" src=\"https:\/\/lebenshilfe-stmk.at\/wp-content\/uploads\/2024\/10\/Markus-Ambroschitz_cLebenshilfe-Steiermark_Harry-Schiffer-1024x683.jpg\" class=\"attachment-large size-large wp-image-1978\" alt=\"\" srcset=\"https:\/\/lebenshilfe-stmk.at\/wp-content\/uploads\/2024\/10\/Markus-Ambroschitz_cLebenshilfe-Steiermark_Harry-Schiffer-1024x683.jpg 1024w, https:\/\/lebenshilfe-stmk.at\/wp-content\/uploads\/2024\/10\/Markus-Ambroschitz_cLebenshilfe-Steiermark_Harry-Schiffer-300x200.jpg 300w, https:\/\/lebenshilfe-stmk.at\/wp-content\/uploads\/2024\/10\/Markus-Ambroschitz_cLebenshilfe-Steiermark_Harry-Schiffer-768x512.jpg 768w, https:\/\/lebenshilfe-stmk.at\/wp-content\/uploads\/2024\/10\/Markus-Ambroschitz_cLebenshilfe-Steiermark_Harry-Schiffer-1536x1025.jpg 1536w, https:\/\/lebenshilfe-stmk.at\/wp-content\/uploads\/2024\/10\/Markus-Ambroschitz_cLebenshilfe-Steiermark_Harry-Schiffer-2048x1366.jpg 2048w\" sizes=\"(max-width: 800px) 100vw, 800px\" \/>\t\t\t\t\t\t\t\t\t\t\t\t\t\t\t<\/div>\n\t\t\t\t<\/div>\n\t\t\t\t<\/div>\n\t\t\t\t\t<\/div>\n\t\t\t\t<\/div>\n\t\t\t\t<div class=\"elementor-element elementor-element-1288e1a elementor-widget elementor-widget-text-editor\" data-id=\"1288e1a\" data-element_type=\"widget\" data-widget_type=\"text-editor.default\">\n\t\t\t\t<div class=\"elementor-widget-container\">\n\t\t\t\t\t\t\t\t\t<p><em>Graz, 07.10.2024<\/em><\/p><p>\u00a0<\/p><p><strong>Mitsprache ohne Wenn und Aber: Die Lebenshilfe Steiermark feiert das 10-j\u00e4hrige Bestehen ihrer Selbstvertretung. Das ist ein Meilenstein in der Geschichte der Organisation und die Grundlage daf\u00fcr, dass Menschen mit Behinderungen ihre eigenen Rechte und Interessen selbstbestimmt vertreten.<\/strong><\/p><p>\u00a0<\/p><p>Vor einem Jahrzehnt wurde die Selbstvertretung ins Leben gerufen, um den betroffenen Menschen eine Stimme zu geben und ihre aktive Teilhabe an der Gesellschaft zu st\u00e4rken. Heute, nach zehn erfolgreichen Jahren, kann die Selbstvertretung auf eine beeindruckende Entwicklung zur\u00fcckblicken. Zahlreiche Projekte, Aktionen und Initiativen wurden von den Selbstvertreter*innen erfolgreich umgesetzt. Immer mit dem Ziel, Barrieren abzubauen und die gesellschaftliche Inklusion weiter voranzutreiben.<\/p><p><strong><br \/><\/strong>\u201eWir feiern nicht nur ein Jubil\u00e4um, sondern auch den Erfolg einer Bewegung, die f\u00fcr Gleichberechtigung und Teilhabe steht\u201c, betont Sandra Walla-Trippl, Generalsekret\u00e4rin der Lebenshilfe Steiermark. \u201eDie Selbstvertretung hat in den vergangenen Jahren viele Fortschritte erzielt und zeigt eindrucksvoll, wie Menschen mit Behinderung in ihrer Rolle als Expert*innen in eigener Sache auftreten und Inklusion mitgestalten.\u201c<\/p><p>\u00a0<\/p><p>Die Selbstvertreter*innen der Lebenshilfe Steiermark sind nicht nur auf regionaler, sondern auch auf nationaler und internationaler Ebene aktiv. Sie arbeiten in Gremien, sprechen auf Konferenzen und setzen sich f\u00fcr die Rechte von Menschen mit Behinderungen ein. In den letzten Jahren konnten sie wichtige Erfolge erzielen, wie z.B. die st\u00e4rkere Einbindung in politische Entscheidungsprozesse und die Sensibilisierung der \u00d6ffentlichkeit f\u00fcr Themen wie Barrierefreiheit, selbstbestimmtes Leben und inklusive Bildung.<\/p><p>\u00a0<\/p><p>Markus Ambroschitz, Selbstvertreter der Lebenshilfe Steiermark, erg\u00e4nzt: \u201eEs ist wichtig, dass wir uns selbst f\u00fcr unsere Rechte starkmachen. Niemand kann besser f\u00fcr uns sprechen als wir selbst. Durch die Selbstvertretung haben wir gelernt, unsere Anliegen klar zu formulieren und Geh\u00f6r zu finden.\u201c<\/p>\t\t\t\t\t\t\t\t<\/div>\n\t\t\t\t<\/div>\n\t\t\t\t\t<\/div>\n\t\t\t\t<\/div>\n\t\t<div class=\"elementor-element elementor-element-b6ef689 e-flex e-con-boxed e-con e-parent\" data-id=\"b6ef689\" data-element_type=\"container\">\n\t\t\t\t\t<div class=\"e-con-inner\">\n\t\t\t\t<div class=\"elementor-element elementor-element-40b5d36 elementor-widget elementor-widget-gallery\" data-id=\"40b5d36\" data-element_type=\"widget\" data-settings=\"{&quot;lazyload&quot;:&quot;yes&quot;,&quot;gallery_layout&quot;:&quot;grid&quot;,&quot;columns&quot;:4,&quot;columns_tablet&quot;:2,&quot;columns_mobile&quot;:1,&quot;gap&quot;:{&quot;unit&quot;:&quot;px&quot;,&quot;size&quot;:10,&quot;sizes&quot;:[]},&quot;gap_tablet&quot;:{&quot;unit&quot;:&quot;px&quot;,&quot;size&quot;:10,&quot;sizes&quot;:[]},&quot;gap_mobile&quot;:{&quot;unit&quot;:&quot;px&quot;,&quot;size&quot;:10,&quot;sizes&quot;:[]},&quot;link_to&quot;:&quot;file&quot;,&quot;aspect_ratio&quot;:&quot;3:2&quot;,&quot;overlay_background&quot;:&quot;yes&quot;,&quot;content_hover_animation&quot;:&quot;fade-in&quot;}\" data-widget_type=\"gallery.default\">\n\t\t\t\t<div class=\"elementor-widget-container\">\n\t\t\t\t\t\t\t<div class=\"elementor-gallery__container\">\n\t\t\t\t\t\t\t<a class=\"e-gallery-item elementor-gallery-item elementor-animated-content\" href=\"https:\/\/lebenshilfe-stmk.at\/wp-content\/uploads\/2024\/10\/Markus-Ambroschitz2_cLebenshilfe-Steiermark_Harry-Schiffer.jpg\" data-elementor-open-lightbox=\"yes\" data-elementor-lightbox-slideshow=\"40b5d36\" data-elementor-lightbox-title=\"Markus Ambroschitz2_(c)Lebenshilfe Steiermark_Harry Schiffer\" data-e-action-hash=\"#elementor-action%3Aaction%3Dlightbox%26settings%3DeyJpZCI6MTk4MCwidXJsIjoiaHR0cHM6XC9cL2xlYmVuc2hpbGZlLXN0bWsuYXRcL3dwLWNvbnRlbnRcL3VwbG9hZHNcLzIwMjRcLzEwXC9NYXJrdXMtQW1icm9zY2hpdHoyX2NMZWJlbnNoaWxmZS1TdGVpZXJtYXJrX0hhcnJ5LVNjaGlmZmVyLmpwZyIsInNsaWRlc2hvdyI6IjQwYjVkMzYifQ%3D%3D\">\n\t\t\t\t\t<div class=\"e-gallery-image elementor-gallery-item__image\" data-thumbnail=\"https:\/\/lebenshilfe-stmk.at\/wp-content\/uploads\/2024\/10\/Markus-Ambroschitz2_cLebenshilfe-Steiermark_Harry-Schiffer-300x200.jpg\" data-width=\"300\" data-height=\"200\" aria-label=\"\" role=\"img\" ><\/div>\n\t\t\t\t\t\t\t\t\t\t\t<div class=\"elementor-gallery-item__overlay\"><\/div>\n\t\t\t\t\t\t\t\t\t\t\t\t\t\t<\/a>\n\t\t\t\t\t\t\t<a class=\"e-gallery-item elementor-gallery-item elementor-animated-content\" href=\"https:\/\/lebenshilfe-stmk.at\/wp-content\/uploads\/2024\/10\/Markus-Ambroschitz_cLebenshilfe-Steiermark_Harry-Schiffer.jpg\" data-elementor-open-lightbox=\"yes\" data-elementor-lightbox-slideshow=\"40b5d36\" data-elementor-lightbox-title=\"Markus Ambroschitz_(c)Lebenshilfe Steiermark_Harry Schiffer\" data-e-action-hash=\"#elementor-action%3Aaction%3Dlightbox%26settings%3DeyJpZCI6MTk3OCwidXJsIjoiaHR0cHM6XC9cL2xlYmVuc2hpbGZlLXN0bWsuYXRcL3dwLWNvbnRlbnRcL3VwbG9hZHNcLzIwMjRcLzEwXC9NYXJrdXMtQW1icm9zY2hpdHpfY0xlYmVuc2hpbGZlLVN0ZWllcm1hcmtfSGFycnktU2NoaWZmZXIuanBnIiwic2xpZGVzaG93IjoiNDBiNWQzNiJ9\">\n\t\t\t\t\t<div class=\"e-gallery-image elementor-gallery-item__image\" data-thumbnail=\"https:\/\/lebenshilfe-stmk.at\/wp-content\/uploads\/2024\/10\/Markus-Ambroschitz_cLebenshilfe-Steiermark_Harry-Schiffer-300x200.jpg\" data-width=\"300\" data-height=\"200\" aria-label=\"\" role=\"img\" ><\/div>\n\t\t\t\t\t\t\t\t\t\t\t<div class=\"elementor-gallery-item__overlay\"><\/div>\n\t\t\t\t\t\t\t\t\t\t\t\t\t\t<\/a>\n\t\t\t\t\t\t\t<a class=\"e-gallery-item elementor-gallery-item elementor-animated-content\" href=\"https:\/\/lebenshilfe-stmk.at\/wp-content\/uploads\/2024\/10\/Selbstvertretung_cLebenshilfe-Steiermark_Harry-Schiffer.jpg\" data-elementor-open-lightbox=\"yes\" data-elementor-lightbox-slideshow=\"40b5d36\" data-elementor-lightbox-title=\"Selbstvertretung_(c)Lebenshilfe Steiermark_Harry Schiffer\" data-e-action-hash=\"#elementor-action%3Aaction%3Dlightbox%26settings%3DeyJpZCI6MTk3NiwidXJsIjoiaHR0cHM6XC9cL2xlYmVuc2hpbGZlLXN0bWsuYXRcL3dwLWNvbnRlbnRcL3VwbG9hZHNcLzIwMjRcLzEwXC9TZWxic3R2ZXJ0cmV0dW5nX2NMZWJlbnNoaWxmZS1TdGVpZXJtYXJrX0hhcnJ5LVNjaGlmZmVyLmpwZyIsInNsaWRlc2hvdyI6IjQwYjVkMzYifQ%3D%3D\">\n\t\t\t\t\t<div class=\"e-gallery-image elementor-gallery-item__image\" data-thumbnail=\"https:\/\/lebenshilfe-stmk.at\/wp-content\/uploads\/2024\/10\/Selbstvertretung_cLebenshilfe-Steiermark_Harry-Schiffer-300x200.jpg\" data-width=\"300\" data-height=\"200\" aria-label=\"\" role=\"img\" ><\/div>\n\t\t\t\t\t\t\t\t\t\t\t<div class=\"elementor-gallery-item__overlay\"><\/div>\n\t\t\t\t\t\t\t\t\t\t\t\t\t\t<\/a>\n\t\t\t\t\t<\/div>\n\t\t\t\t\t<\/div>\n\t\t\t\t<\/div>\n\t\t\t\t\t<\/div>\n\t\t\t\t<\/div>\n\t\t\t\t<\/div>\n\t\t","protected":false},"excerpt":{"rendered":"<p>10 Jahre Selbstvertretung Anl\u00e4sslich des 10-j\u00e4hrigen Jubil\u00e4ums der Selbstvertretung der Lebenshilfe Steiermark \u201eEs ist wichtig, dass wir uns selbst f\u00fcr unsere Rechte starkmachen. Niemand kann besser f\u00fcr uns sprechen als wir selbst.\u201c Markus Ambroschitz, Selbstvertreter Graz, 07.10.2024 \u00a0 Mitsprache ohne Wenn und Aber: Die Lebenshilfe Steiermark feiert das 10-j\u00e4hrige Bestehen ihrer Selbstvertretung. Das ist ein [&hellip;]<\/p>\n","protected":false},"author":2,"featured_media":1973,"comment_status":"closed","ping_status":"closed","sticky":false,"template":"elementor_header_footer","format":"standard","meta":{"_acf_changed":false,"inline_featured_image":false,"footnotes":""},"categories":[17,26,14,15],"tags":[],"class_list":["post-1972","post","type-post","status-publish","format-standard","has-post-thumbnail","hentry","category-interessenspolitik","category-presseaussendung","category-selbstvertretung","category-un-behindertenrechtskonvention"],"acf":[],"_links":{"self":[{"href":"https:\/\/lebenshilfe-stmk.at\/ll\/wp-json\/wp\/v2\/posts\/1972","targetHints":{"allow":["GET"]}}],"collection":[{"href":"https:\/\/lebenshilfe-stmk.at\/ll\/wp-json\/wp\/v2\/posts"}],"about":[{"href":"https:\/\/lebenshilfe-stmk.at\/ll\/wp-json\/wp\/v2\/types\/post"}],"author":[{"embeddable":true,"href":"https:\/\/lebenshilfe-stmk.at\/ll\/wp-json\/wp\/v2\/users\/2"}],"replies":[{"embeddable":true,"href":"https:\/\/lebenshilfe-stmk.at\/ll\/wp-json\/wp\/v2\/comments?post=1972"}],"version-history":[{"count":9,"href":"https:\/\/lebenshilfe-stmk.at\/ll\/wp-json\/wp\/v2\/posts\/1972\/revisions"}],"predecessor-version":[{"id":1989,"href":"https:\/\/lebenshilfe-stmk.at\/ll\/wp-json\/wp\/v2\/posts\/1972\/revisions\/1989"}],"wp:featuredmedia":[{"embeddable":true,"href":"https:\/\/lebenshilfe-stmk.at\/ll\/wp-json\/wp\/v2\/media\/1973"}],"wp:attachment":[{"href":"https:\/\/lebenshilfe-stmk.at\/ll\/wp-json\/wp\/v2\/media?parent=1972"}],"wp:term":[{"taxonomy":"category","embeddable":true,"href":"https:\/\/lebenshilfe-stmk.at\/ll\/wp-json\/wp\/v2\/categories?post=1972"},{"taxonomy":"post_tag","embeddable":true,"href":"https:\/\/lebenshilfe-stmk.at\/ll\/wp-json\/wp\/v2\/tags?post=1972"}],"curies":[{"name":"wp","href":"https:\/\/api.w.org\/{rel}","templated":true}]}}