{"id":1754,"date":"2024-08-28T11:16:21","date_gmt":"2024-08-28T09:16:21","guid":{"rendered":"https:\/\/lebenshilfe-stmk.at\/?p=1754"},"modified":"2024-08-28T11:16:21","modified_gmt":"2024-08-28T09:16:21","slug":"zivildiener-jakob-suppan","status":"publish","type":"post","link":"https:\/\/lebenshilfe-stmk.at\/ll\/zivildiener-jakob-suppan\/","title":{"rendered":"Zivildiener Jakob Suppan erz\u00e4hlt"},"content":{"rendered":"\t\t<div data-elementor-type=\"wp-post\" data-elementor-id=\"1754\" class=\"elementor elementor-1754\" data-elementor-post-type=\"post\">\n\t\t\t\t<div class=\"elementor-element elementor-element-b0c70d7 e-flex e-con-boxed e-con e-parent\" data-id=\"b0c70d7\" data-element_type=\"container\">\n\t\t\t\t\t<div class=\"e-con-inner\">\n\t\t<div class=\"elementor-element elementor-element-d73aa01 e-con-full e-flex e-con e-child\" data-id=\"d73aa01\" data-element_type=\"container\" data-settings=\"{&quot;background_background&quot;:&quot;classic&quot;}\">\n\t\t\t\t<div class=\"elementor-element elementor-element-83ac03c elementor-absolute elementor-hidden-mobile elementor-widget elementor-widget-image\" data-id=\"83ac03c\" data-element_type=\"widget\" data-settings=\"{&quot;_position&quot;:&quot;absolute&quot;}\" data-widget_type=\"image.default\">\n\t\t\t\t<div class=\"elementor-widget-container\">\n\t\t\t\t\t\t\t\t\t\t\t\t\t\t\t<img fetchpriority=\"high\" decoding=\"async\" width=\"788\" height=\"1024\" src=\"https:\/\/lebenshilfe-stmk.at\/wp-content\/uploads\/2024\/03\/arrow_d_orange.svg\" class=\"attachment-large size-large wp-image-1330\" alt=\"\" \/>\t\t\t\t\t\t\t\t\t\t\t\t\t\t\t<\/div>\n\t\t\t\t<\/div>\n\t\t\t\t<\/div>\n\t\t\t\t\t<\/div>\n\t\t\t\t<\/div>\n\t\t<div class=\"elementor-element elementor-element-4606ae5 e-flex e-con-boxed e-con e-parent\" data-id=\"4606ae5\" data-element_type=\"container\">\n\t\t\t\t\t<div class=\"e-con-inner\">\n\t\t\t\t<div class=\"elementor-element elementor-element-c15afad elementor-widget elementor-widget-heading\" data-id=\"c15afad\" data-element_type=\"widget\" data-widget_type=\"heading.default\">\n\t\t\t\t<div class=\"elementor-widget-container\">\n\t\t\t\t\t<h1 class=\"elementor-heading-title elementor-size-default\">\u201eDas Miteinander bleibt mir in erinnerung\u201c<\/h1>\t\t\t\t<\/div>\n\t\t\t\t<\/div>\n\t\t\t\t<div class=\"elementor-element elementor-element-2397d54 elementor-widget elementor-widget-text-editor\" data-id=\"2397d54\" data-element_type=\"widget\" data-widget_type=\"text-editor.default\">\n\t\t\t\t<div class=\"elementor-widget-container\">\n\t\t\t\t\t\t\t\t\t<p>Jakob Suppan ist 19 Jahre alt und kommt aus St. Stefan im Rosental. Nach seiner Matura hat er als Zivildiener in der LNW Lebenshilfe NetzWerk GmbH begonnen und arbeitet in der Postpartner-Stelle St. Peter am Ottersbach. Er erz\u00e4hlt \u00fcber seine Arbeit.<\/p>\t\t\t\t\t\t\t\t<\/div>\n\t\t\t\t<\/div>\n\t\t\t\t<div class=\"elementor-element elementor-element-1288e1a elementor-widget elementor-widget-text-editor\" data-id=\"1288e1a\" data-element_type=\"widget\" data-widget_type=\"text-editor.default\">\n\t\t\t\t<div class=\"elementor-widget-container\">\n\t\t\t\t\t\t\t\t\t<p>Die Entscheidung zum Zivildienst war f\u00fcr mich keine schwere. Ich wusste von Anfang an, dass ich mit Menschen arbeiten und im Ernstfall niemanden verletzen wollte, wie das als Soldat im Krieg der Fall sein k\u00f6nnte. Viel unter \u201eZivildienst\u201c konnte ich mir damals jedoch nicht vorstellen.<\/p><p>\u00a0<\/p><p><strong>Ein herzliches Willkommen<\/strong><\/p><p>So bewarb ich mich bei der LNW Lebenshilfe NetzWerk GmbH und lie\u00df mich einfach \u00fcberraschen. Im Oktober 2022 war es dann so weit und mein erster Tag als Zivildiener begann. Ohne Z\u00f6gern wurde ich von allen Personen der Postpartner-Stelle St. Peter am Ottersbach herzlich begr\u00fc\u00dft. Nach nur wenigen Tagen f\u00fchlte ich mich schon nicht mehr wie ein Besucher, sondern wie ein Teil des Teams. Am Ende der ersten Woche stand f\u00fcr mich fest: Die Entscheidung zum Zivildienst bei der Lebenshilfe war die beste, die ich treffen h\u00e4tte k\u00f6nnen.<\/p><p>\u00a0<\/p><p><strong> Abwechslungsreiche Arbeit<\/strong><\/p><p>Innerhalb der ersten Wochen lernte ich alle KundInnen und auch die Poststelle kennen. An einem typischen Tag gehe ich in der Fr\u00fch Brot f\u00fcr das Fr\u00fchst\u00fcck kaufen. Dann bin ich den Vormittag \u00fcber mit meinen KollegInnen in der Poststelle und unterst\u00fctze die Menschen mit Behinderung bei ihrer Arbeit.\u00a0Zwischendurch erledige ich au\u00dferdem B\u00fcro- und Recherchearbeiten. Am Nachmittag setze ich entweder die am Vormittag begonnen T\u00e4tigkeiten fort oder unterst\u00fctze bei verschiedenen Aufgaben oder Auftragsarbeiten, wie zum Beispiel beim Sortieren von Legosteinen.<\/p><p>\u00a0<\/p><p><b>Exzellentes Miteinander<\/b><\/p><p>Besonders gef\u00e4llt mir die vielf\u00e4ltige und abwechslungsreiche Arbeit bei der Post. Gemeinsam leeren wir Postk\u00e4sten aus, stempeln oder scannen Pakete ab. Dabei unterst\u00fctzen wir uns gegenseitig tatkr\u00e4ftig. Ein Highlight sind f\u00fcr mich auf jeden Fall die zahlreichen Einblicke ins Postgeschehen.\u00a0<span style=\"color: var( --e-global-color-text ); text-align: var(--text-align);\">Ich durfte schon viele interessante Dinge (kennen) lernen \u2013 von P\u00e4ckchen- \u00fcber Wertsendungen bis hin zu Brief-Sortiermaschinen. Wenn meine Zeit bei der Postpartner-Stelle St. Peter am Ottersbach zu Ende geht, wird mir eines auf jeden Fall in Erinnerung bleiben: das exzellente Miteinander und die freundlichen Menschen, denen ich jeden Tag begegnet bin.<\/span><\/p>\t\t\t\t\t\t\t\t<\/div>\n\t\t\t\t<\/div>\n\t\t<div class=\"elementor-element elementor-element-d166c8d e-flex e-con-boxed e-con e-child\" data-id=\"d166c8d\" data-element_type=\"container\">\n\t\t\t\t\t<div class=\"e-con-inner\">\n\t\t<div class=\"elementor-element elementor-element-8c7997b e-con-full e-flex e-con e-child\" data-id=\"8c7997b\" data-element_type=\"container\">\n\t\t\t\t<div class=\"elementor-element elementor-element-a84c87e elementor-widget__width-initial elementor-widget-mobile__width-inherit elementor-widget elementor-widget-text-editor\" data-id=\"a84c87e\" data-element_type=\"widget\" data-widget_type=\"text-editor.default\">\n\t\t\t\t<div class=\"elementor-widget-container\">\n\t\t\t\t\t\t\t\t\t<p>&#8220;Wenn meine Zeit bei der Postpartnerstelle zu Ende geht, wird mir eines auf jeden Fall in Erinnerung bleiben: <em>das exzellente Miteinander<\/em> und die freundlichen Menschen, denen ich jeden Tag begegnet bin.&#8221;<\/p>\t\t\t\t\t\t\t\t<\/div>\n\t\t\t\t<\/div>\n\t\t\t\t<div class=\"elementor-element elementor-element-b8f0873 elementor-widget elementor-widget-heading\" data-id=\"b8f0873\" data-element_type=\"widget\" data-widget_type=\"heading.default\">\n\t\t\t\t<div class=\"elementor-widget-container\">\n\t\t\t\t\t<p class=\"elementor-heading-title elementor-size-default\">Jakob Suppan, Zivildiener<\/p>\t\t\t\t<\/div>\n\t\t\t\t<\/div>\n\t\t\t\t<\/div>\n\t\t<div class=\"elementor-element elementor-element-ebd643f e-con-full e-flex e-con e-child\" data-id=\"ebd643f\" data-element_type=\"container\">\n\t\t\t\t<div class=\"elementor-element elementor-element-0092b2a elementor-widget elementor-widget-image\" data-id=\"0092b2a\" data-element_type=\"widget\" data-widget_type=\"image.default\">\n\t\t\t\t<div class=\"elementor-widget-container\">\n\t\t\t\t\t\t\t\t\t\t\t\t\t\t\t<img decoding=\"async\" width=\"800\" height=\"800\" src=\"https:\/\/lebenshilfe-stmk.at\/wp-content\/uploads\/2024\/08\/SP-spielen-1x1-1-1024x1024.jpg\" class=\"attachment-large size-large wp-image-1771\" alt=\"\" srcset=\"https:\/\/lebenshilfe-stmk.at\/wp-content\/uploads\/2024\/08\/SP-spielen-1x1-1-1024x1024.jpg 1024w, https:\/\/lebenshilfe-stmk.at\/wp-content\/uploads\/2024\/08\/SP-spielen-1x1-1-300x300.jpg 300w, https:\/\/lebenshilfe-stmk.at\/wp-content\/uploads\/2024\/08\/SP-spielen-1x1-1-150x150.jpg 150w, https:\/\/lebenshilfe-stmk.at\/wp-content\/uploads\/2024\/08\/SP-spielen-1x1-1-768x768.jpg 768w, https:\/\/lebenshilfe-stmk.at\/wp-content\/uploads\/2024\/08\/SP-spielen-1x1-1.jpg 1365w\" sizes=\"(max-width: 800px) 100vw, 800px\" \/>\t\t\t\t\t\t\t\t\t\t\t\t\t\t\t<\/div>\n\t\t\t\t<\/div>\n\t\t\t\t<\/div>\n\t\t\t\t\t<\/div>\n\t\t\t\t<\/div>\n\t\t\t\t<div class=\"elementor-element elementor-element-e5f2478 elementor-align-right elementor-widget__width-auto elementor-mobile-align-justify elementor-widget-mobile__width-inherit elementor-widget elementor-widget-button\" data-id=\"e5f2478\" data-element_type=\"widget\" data-widget_type=\"button.default\">\n\t\t\t\t<div class=\"elementor-widget-container\">\n\t\t\t\t\t\t\t\t\t<div class=\"elementor-button-wrapper\">\n\t\t\t\t\t<a class=\"elementor-button elementor-button-link elementor-size-sm\" href=\"https:\/\/lebenshilfe-stmk.at\/zivildienst\/\" target=\"_blank\">\n\t\t\t\t\t\t<span class=\"elementor-button-content-wrapper\">\n\t\t\t\t\t\t<span class=\"elementor-button-icon\">\n\t\t\t\t<svg xmlns=\"http:\/\/www.w3.org\/2000\/svg\" width=\"47.003\" height=\"22.175\" viewBox=\"0 0 47.003 22.175\"><g id=\"Gruppe_138\" data-name=\"Gruppe 138\" transform=\"translate(-845.63 -1617.228)\"><path id=\"Pfad_1\" data-name=\"Pfad 1\" d=\"M0,11.383,10.547,0,20.695,11.383\" transform=\"translate(891.146 1617.961) rotate(90)\" fill=\"none\" stroke=\"#fff\" stroke-width=\"2\"><\/path><path id=\"Pfad_2\" data-name=\"Pfad 2\" d=\"M973.679,1768.181H928.163\" transform=\"translate(-82.533 -139.682)\" fill=\"none\" stroke=\"#fff\" stroke-width=\"2\"><\/path><\/g><\/svg>\t\t\t<\/span>\n\t\t\t\t\t\t\t\t\t<span class=\"elementor-button-text\">zum Zivildienst<\/span>\n\t\t\t\t\t<\/span>\n\t\t\t\t\t<\/a>\n\t\t\t\t<\/div>\n\t\t\t\t\t\t\t\t<\/div>\n\t\t\t\t<\/div>\n\t\t\t\t\t<\/div>\n\t\t\t\t<\/div>\n\t\t\t\t<\/div>\n\t\t","protected":false},"excerpt":{"rendered":"<p>\u201eDas Miteinander bleibt mir in erinnerung\u201c Jakob Suppan ist 19 Jahre alt und kommt aus St. Stefan im Rosental. Nach seiner Matura hat er als Zivildiener in der LNW Lebenshilfe NetzWerk GmbH begonnen und arbeitet in der Postpartner-Stelle St. Peter am Ottersbach. Er erz\u00e4hlt \u00fcber seine Arbeit. Die Entscheidung zum Zivildienst war f\u00fcr mich keine [&hellip;]<\/p>\n","protected":false},"author":2,"featured_media":1770,"comment_status":"closed","ping_status":"closed","sticky":false,"template":"elementor_header_footer","format":"standard","meta":{"_acf_changed":false,"inline_featured_image":false,"footnotes":""},"categories":[12],"tags":[],"class_list":["post-1754","post","type-post","status-publish","format-standard","has-post-thumbnail","hentry","category-zivildienst"],"acf":[],"_links":{"self":[{"href":"https:\/\/lebenshilfe-stmk.at\/ll\/wp-json\/wp\/v2\/posts\/1754","targetHints":{"allow":["GET"]}}],"collection":[{"href":"https:\/\/lebenshilfe-stmk.at\/ll\/wp-json\/wp\/v2\/posts"}],"about":[{"href":"https:\/\/lebenshilfe-stmk.at\/ll\/wp-json\/wp\/v2\/types\/post"}],"author":[{"embeddable":true,"href":"https:\/\/lebenshilfe-stmk.at\/ll\/wp-json\/wp\/v2\/users\/2"}],"replies":[{"embeddable":true,"href":"https:\/\/lebenshilfe-stmk.at\/ll\/wp-json\/wp\/v2\/comments?post=1754"}],"version-history":[{"count":4,"href":"https:\/\/lebenshilfe-stmk.at\/ll\/wp-json\/wp\/v2\/posts\/1754\/revisions"}],"predecessor-version":[{"id":1786,"href":"https:\/\/lebenshilfe-stmk.at\/ll\/wp-json\/wp\/v2\/posts\/1754\/revisions\/1786"}],"wp:featuredmedia":[{"embeddable":true,"href":"https:\/\/lebenshilfe-stmk.at\/ll\/wp-json\/wp\/v2\/media\/1770"}],"wp:attachment":[{"href":"https:\/\/lebenshilfe-stmk.at\/ll\/wp-json\/wp\/v2\/media?parent=1754"}],"wp:term":[{"taxonomy":"category","embeddable":true,"href":"https:\/\/lebenshilfe-stmk.at\/ll\/wp-json\/wp\/v2\/categories?post=1754"},{"taxonomy":"post_tag","embeddable":true,"href":"https:\/\/lebenshilfe-stmk.at\/ll\/wp-json\/wp\/v2\/tags?post=1754"}],"curies":[{"name":"wp","href":"https:\/\/api.w.org\/{rel}","templated":true}]}}